{"id":10596,"date":"2013-08-31T20:22:37","date_gmt":"2013-08-31T19:22:37","guid":{"rendered":"http:\/\/www.anthealein.de\/?p=10596"},"modified":"2013-08-31T20:23:43","modified_gmt":"2013-08-31T19:23:43","slug":"was-ich-schon-lange-gewusst-habe","status":"publish","type":"post","link":"https:\/\/www.anthealein.de\/?p=10596","title":{"rendered":"Was ich schon lange gewusst habe &hellip;"},"content":{"rendered":"<p align=\"justify\">\u2026 ist Jana heute auch klar geworden *g*: sie w\u00fcnscht sich zu Weihnachten eine N\u00e4hmaschine. <\/p>\n<p align=\"justify\">W\u00e4hrend ich heute arbeiten war, hatte Lena Exklusiv-Zeit mit Papa, weil Jana bei einem N\u00e4hkurs der Evangelischen Familienbildungsst\u00e4tte war. Buchh\u00fcllen n\u00e4hen stand auf dem Plan und zur\u00fcck kam sie mit einer Buchh\u00fclle, einem Armband, einer Tasche f\u00fcr Lena und einer Tasche f\u00fcr Lenas Puppe. Und dem Wunsch, selber eine N\u00e4hmaschine zu bekommen <img decoding=\"async\" class=\"wlEmoticon wlEmoticon-smile\" style=\"border-top-style: none; border-left-style: none; border-bottom-style: none; border-right-style: none\" alt=\"Smiley\" src=\"http:\/\/www.anthealein.de\/wp-content\/uploads\/2013\/08\/wlEmoticon-smile9.png\" \/> . Als ob ich die nicht schon l\u00e4ngst eingeplant h\u00e4tte *g*. <\/p>\n<p align=\"justify\">&#160;<\/p>\n<p align=\"center\"><a href=\"http:\/\/www.anthealein.de\/wp-content\/uploads\/2013\/08\/31082013.jpg\"><img loading=\"lazy\" decoding=\"async\" title=\"31082013\" style=\"border-left-width: 0px; border-right-width: 0px; background-image: none; border-bottom-width: 0px; padding-top: 0px; padding-left: 0px; display: inline; padding-right: 0px; border-top-width: 0px\" border=\"0\" alt=\"31082013\" src=\"http:\/\/www.anthealein.de\/wp-content\/uploads\/2013\/08\/31082013_thumb.jpg\" width=\"504\" height=\"504\" \/><\/a><\/p>\n<p align=\"center\">&#160;<\/p>\n<p align=\"center\"><a href=\"http:\/\/www.anthealein.de\/wp-content\/uploads\/2013\/08\/31082013II.jpg\"><img loading=\"lazy\" decoding=\"async\" title=\"31082013II\" style=\"border-left-width: 0px; border-right-width: 0px; background-image: none; border-bottom-width: 0px; padding-top: 0px; padding-left: 0px; display: inline; padding-right: 0px; border-top-width: 0px\" border=\"0\" alt=\"31082013II\" src=\"http:\/\/www.anthealein.de\/wp-content\/uploads\/2013\/08\/31082013II_thumb.jpg\" width=\"504\" height=\"504\" \/><\/a><\/p>\n<p align=\"center\">&#160;<\/p>\n<p align=\"center\"><a href=\"http:\/\/www.anthealein.de\/wp-content\/uploads\/2013\/08\/31082013III.jpg\"><img loading=\"lazy\" decoding=\"async\" title=\"31082013III\" style=\"border-left-width: 0px; border-right-width: 0px; background-image: none; border-bottom-width: 0px; padding-top: 0px; padding-left: 0px; display: inline; padding-right: 0px; border-top-width: 0px\" border=\"0\" alt=\"31082013III\" src=\"http:\/\/www.anthealein.de\/wp-content\/uploads\/2013\/08\/31082013III_thumb.jpg\" width=\"504\" height=\"504\" \/><\/a><\/p>\n","protected":false},"excerpt":{"rendered":"<p>\u2026 ist Jana heute auch klar geworden *g*: sie w\u00fcnscht sich zu Weihnachten eine N\u00e4hmaschine. W\u00e4hrend ich heute arbeiten war, hatte Lena Exklusiv-Zeit mit Papa, weil Jana bei einem N\u00e4hkurs der Evangelischen Familienbildungsst\u00e4tte war. Buchh\u00fcllen n\u00e4hen stand auf dem Plan und zur\u00fcck kam sie mit einer Buchh\u00fclle, einem Armband, einer Tasche f\u00fcr Lena und einer [&hellip;]<\/p>\n","protected":false},"author":1,"featured_media":0,"comment_status":"open","ping_status":"open","sticky":false,"template":"","format":"standard","meta":{"footnotes":""},"categories":[3],"tags":[],"class_list":["post-10596","post","type-post","status-publish","format-standard","hentry","category-alles-mogliche"],"_links":{"self":[{"href":"https:\/\/www.anthealein.de\/index.php?rest_route=\/wp\/v2\/posts\/10596","targetHints":{"allow":["GET"]}}],"collection":[{"href":"https:\/\/www.anthealein.de\/index.php?rest_route=\/wp\/v2\/posts"}],"about":[{"href":"https:\/\/www.anthealein.de\/index.php?rest_route=\/wp\/v2\/types\/post"}],"author":[{"embeddable":true,"href":"https:\/\/www.anthealein.de\/index.php?rest_route=\/wp\/v2\/users\/1"}],"replies":[{"embeddable":true,"href":"https:\/\/www.anthealein.de\/index.php?rest_route=%2Fwp%2Fv2%2Fcomments&post=10596"}],"version-history":[{"count":1,"href":"https:\/\/www.anthealein.de\/index.php?rest_route=\/wp\/v2\/posts\/10596\/revisions"}],"predecessor-version":[{"id":10597,"href":"https:\/\/www.anthealein.de\/index.php?rest_route=\/wp\/v2\/posts\/10596\/revisions\/10597"}],"wp:attachment":[{"href":"https:\/\/www.anthealein.de\/index.php?rest_route=%2Fwp%2Fv2%2Fmedia&parent=10596"}],"wp:term":[{"taxonomy":"category","embeddable":true,"href":"https:\/\/www.anthealein.de\/index.php?rest_route=%2Fwp%2Fv2%2Fcategories&post=10596"},{"taxonomy":"post_tag","embeddable":true,"href":"https:\/\/www.anthealein.de\/index.php?rest_route=%2Fwp%2Fv2%2Ftags&post=10596"}],"curies":[{"name":"wp","href":"https:\/\/api.w.org\/{rel}","templated":true}]}}