{"id":10582,"date":"2013-08-28T21:08:16","date_gmt":"2013-08-28T20:08:16","guid":{"rendered":"http:\/\/www.anthealein.de\/?p=10582"},"modified":"2013-08-28T21:08:16","modified_gmt":"2013-08-28T20:08:16","slug":"das-haben-wir-hier-ja-auch","status":"publish","type":"post","link":"https:\/\/www.anthealein.de\/?p=10582","title":{"rendered":"&ldquo;Das haben wir hier ja auch &hellip;&rdquo;"},"content":{"rendered":"<p align=\"justify\">(inkl. Sande *g*) bekam ich gerade zu h\u00f6ren. Wir planen immer noch am Kurzurlaub in den Herbstferien herum. Hvide Sande wurde gerade in die n\u00e4here Auswahl genommen. Neben Jelling. Und dann kam mir in den Sinn, vielleicht doch eher in Richtung Belgien zu gehen. Hach ja, die Kinder d\u00fcrfen morgen entscheiden. <\/p>\n<p align=\"justify\">Ansonsten war ich heute so frei, den Haushalt zu ignorieren. Stattdessen fuhren wir in den Stadtpark, gingen einkaufen und kamen p\u00fcnktlich zum Elterngespr\u00e4ch in die Schule. Und durften dann noch Chris zum Haus\u00e4rztlichen Notdienst jagen *seufz*. Mal sehen, was der HNO morgen sagt.<\/p>\n<p align=\"justify\">&#160;<\/p>\n<p align=\"justify\"><a href=\"http:\/\/www.anthealein.de\/wp-content\/uploads\/2013\/08\/28082013.jpg\"><img loading=\"lazy\" decoding=\"async\" title=\"28082013\" style=\"border-top: 0px; border-right: 0px; background-image: none; border-bottom: 0px; float: none; padding-top: 0px; padding-left: 0px; margin-left: auto; border-left: 0px; display: block; padding-right: 0px; margin-right: auto\" border=\"0\" alt=\"28082013\" src=\"http:\/\/www.anthealein.de\/wp-content\/uploads\/2013\/08\/28082013_thumb.jpg\" width=\"504\" height=\"504\" \/><\/a><\/p>\n<p align=\"center\">&#160;<\/p>\n<p align=\"center\"><a href=\"http:\/\/www.anthealein.de\/wp-content\/uploads\/2013\/08\/28082013II.jpg\"><img loading=\"lazy\" decoding=\"async\" title=\"28082013II\" style=\"border-top: 0px; border-right: 0px; background-image: none; border-bottom: 0px; padding-top: 0px; padding-left: 0px; border-left: 0px; display: inline; padding-right: 0px\" border=\"0\" alt=\"28082013II\" src=\"http:\/\/www.anthealein.de\/wp-content\/uploads\/2013\/08\/28082013II_thumb.jpg\" width=\"504\" height=\"504\" \/><\/a><\/p>\n<p align=\"center\">&#160;<\/p>\n<p align=\"center\"><a href=\"http:\/\/www.anthealein.de\/wp-content\/uploads\/2013\/08\/28082013III.jpg\"><img loading=\"lazy\" decoding=\"async\" title=\"28082013III\" style=\"border-top: 0px; border-right: 0px; background-image: none; border-bottom: 0px; padding-top: 0px; padding-left: 0px; border-left: 0px; display: inline; padding-right: 0px\" border=\"0\" alt=\"28082013III\" src=\"http:\/\/www.anthealein.de\/wp-content\/uploads\/2013\/08\/28082013III_thumb.jpg\" width=\"504\" height=\"504\" \/><\/a><\/p>\n<p align=\"center\">&#160;<\/p>\n<p align=\"center\"><a href=\"http:\/\/www.anthealein.de\/wp-content\/uploads\/2013\/08\/28082013IV.jpg\"><img loading=\"lazy\" decoding=\"async\" title=\"28082013IV\" style=\"border-top: 0px; border-right: 0px; background-image: none; border-bottom: 0px; padding-top: 0px; padding-left: 0px; border-left: 0px; display: inline; padding-right: 0px\" border=\"0\" alt=\"28082013IV\" src=\"http:\/\/www.anthealein.de\/wp-content\/uploads\/2013\/08\/28082013IV_thumb.jpg\" width=\"504\" height=\"504\" \/><\/a><\/p>\n<p align=\"center\">&#160;<\/p>\n<p align=\"center\"><a href=\"http:\/\/www.anthealein.de\/wp-content\/uploads\/2013\/08\/28082013V.jpg\"><img loading=\"lazy\" decoding=\"async\" title=\"28082013V\" style=\"border-top: 0px; border-right: 0px; background-image: none; border-bottom: 0px; padding-top: 0px; padding-left: 0px; border-left: 0px; display: inline; padding-right: 0px\" border=\"0\" alt=\"28082013V\" src=\"http:\/\/www.anthealein.de\/wp-content\/uploads\/2013\/08\/28082013V_thumb.jpg\" width=\"504\" height=\"504\" \/><\/a><\/p>\n<p align=\"center\">&#160;<\/p>\n<p align=\"center\"><a href=\"http:\/\/www.anthealein.de\/wp-content\/uploads\/2013\/08\/28082013VI.jpg\"><img loading=\"lazy\" decoding=\"async\" title=\"28082013VI\" style=\"border-top: 0px; border-right: 0px; background-image: none; border-bottom: 0px; padding-top: 0px; padding-left: 0px; border-left: 0px; display: inline; padding-right: 0px\" border=\"0\" alt=\"28082013VI\" src=\"http:\/\/www.anthealein.de\/wp-content\/uploads\/2013\/08\/28082013VI_thumb.jpg\" width=\"504\" height=\"504\" \/><\/a><\/p>\n<p align=\"center\">&#160;<\/p>\n<p align=\"center\"><a href=\"http:\/\/www.anthealein.de\/wp-content\/uploads\/2013\/08\/28082013VII.jpg\"><img loading=\"lazy\" decoding=\"async\" title=\"28082013VII\" style=\"border-top: 0px; border-right: 0px; background-image: none; border-bottom: 0px; padding-top: 0px; padding-left: 0px; border-left: 0px; display: inline; padding-right: 0px\" border=\"0\" alt=\"28082013VII\" src=\"http:\/\/www.anthealein.de\/wp-content\/uploads\/2013\/08\/28082013VII_thumb.jpg\" width=\"504\" height=\"504\" \/><\/a><\/p>\n","protected":false},"excerpt":{"rendered":"<p>(inkl. Sande *g*) bekam ich gerade zu h\u00f6ren. Wir planen immer noch am Kurzurlaub in den Herbstferien herum. Hvide Sande wurde gerade in die n\u00e4here Auswahl genommen. Neben Jelling. Und dann kam mir in den Sinn, vielleicht doch eher in Richtung Belgien zu gehen. Hach ja, die Kinder d\u00fcrfen morgen entscheiden. Ansonsten war ich heute [&hellip;]<\/p>\n","protected":false},"author":1,"featured_media":0,"comment_status":"open","ping_status":"open","sticky":false,"template":"","format":"standard","meta":{"footnotes":""},"categories":[3],"tags":[],"class_list":["post-10582","post","type-post","status-publish","format-standard","hentry","category-alles-mogliche"],"_links":{"self":[{"href":"https:\/\/www.anthealein.de\/index.php?rest_route=\/wp\/v2\/posts\/10582","targetHints":{"allow":["GET"]}}],"collection":[{"href":"https:\/\/www.anthealein.de\/index.php?rest_route=\/wp\/v2\/posts"}],"about":[{"href":"https:\/\/www.anthealein.de\/index.php?rest_route=\/wp\/v2\/types\/post"}],"author":[{"embeddable":true,"href":"https:\/\/www.anthealein.de\/index.php?rest_route=\/wp\/v2\/users\/1"}],"replies":[{"embeddable":true,"href":"https:\/\/www.anthealein.de\/index.php?rest_route=%2Fwp%2Fv2%2Fcomments&post=10582"}],"version-history":[{"count":0,"href":"https:\/\/www.anthealein.de\/index.php?rest_route=\/wp\/v2\/posts\/10582\/revisions"}],"wp:attachment":[{"href":"https:\/\/www.anthealein.de\/index.php?rest_route=%2Fwp%2Fv2%2Fmedia&parent=10582"}],"wp:term":[{"taxonomy":"category","embeddable":true,"href":"https:\/\/www.anthealein.de\/index.php?rest_route=%2Fwp%2Fv2%2Fcategories&post=10582"},{"taxonomy":"post_tag","embeddable":true,"href":"https:\/\/www.anthealein.de\/index.php?rest_route=%2Fwp%2Fv2%2Ftags&post=10582"}],"curies":[{"name":"wp","href":"https:\/\/api.w.org\/{rel}","templated":true}]}}