{"id":10439,"date":"2013-08-07T20:50:52","date_gmt":"2013-08-07T19:50:52","guid":{"rendered":"http:\/\/www.anthealein.de\/?p=10439"},"modified":"2013-08-07T20:52:02","modified_gmt":"2013-08-07T19:52:02","slug":"aurich","status":"publish","type":"post","link":"https:\/\/www.anthealein.de\/?p=10439","title":{"rendered":"Aurich &hellip;"},"content":{"rendered":"<p align=\"justify\">\u2026 ist ein hei\u00dfes Pflaster f\u00fcr Autofahrer. Und: meinen Kindern braucht man erst gar nicht mit der \u201cKinderversion\u201d einer \u201cH\u00f6rf\u00fchrung\u201d kommen. Daf\u00fcr aber mir <img decoding=\"async\" class=\"wlEmoticon wlEmoticon-openmouthedsmile\" style=\"border-top-style: none; border-left-style: none; border-bottom-style: none; border-right-style: none\" alt=\"Smiley mit ge\u00f6ffnetem Mund\" src=\"http:\/\/www.anthealein.de\/wp-content\/uploads\/2013\/08\/wlEmoticon-openmouthedsmile1.png\" \/> . <\/p>\n<p align=\"justify\">Heute ging es nach der Arbeit (etwas \u00fcber 600 Ausleihen in den ersten zwei Stunden shock ) mit Chris und den Kindern nach Emden. Eigentlich wollten wir schon am Sonntag dort hin und ich hatte Jana versprochen, das nach zu holen. Also ging es heute auf die Tour. Um kurz vor 15 Uhr waren wir auch schon in der Kunsthalle. Chris mit H\u00f6rf\u00fchrung f\u00fcr Erwachsene, Lena und Jana mit der Kinder-Version. Und wie schon erw\u00e4hnt, beide Kinder waren nicht so begeistert. Jana nahm sich Chris\u2019 Ger\u00e4t, Chris holte sich ein Neues. Und nur wenig sp\u00e4ter ging auch das verloren, diesmal an Lena und ich \u00fcbernahm daf\u00fcr Lenas Kinder-Version <img decoding=\"async\" class=\"wlEmoticon wlEmoticon-openmouthedsmile\" style=\"border-top-style: none; border-left-style: none; border-bottom-style: none; border-right-style: none\" alt=\"Smiley mit ge\u00f6ffnetem Mund\" src=\"http:\/\/www.anthealein.de\/wp-content\/uploads\/2013\/08\/wlEmoticon-openmouthedsmile1.png\" \/> . Nach der Kunsthalle waren wir alle ordentlich hungrig und ein kurzer Stopp im McDrive war schon fast Pflicht *g*. Zur\u00fcck ging es und mitten im Feierabendverkehr mussten wir durch Aurich. Und fand ich vorher die Fahrradfahrer-Ampel zu niedlich, so waren die Autofahrer auf dem R\u00fcckweg total verr\u00fcckt. Ernsthaft, da fahr ich lieber durch Hannover oder Dortmund im gr\u00f6\u00dften Feierabendverkehr.<\/p>\n<p align=\"justify\">&#160;<\/p>\n<p align=\"center\"><a href=\"http:\/\/www.anthealein.de\/wp-content\/uploads\/2013\/08\/07082013.jpg\"><img loading=\"lazy\" decoding=\"async\" title=\"07082013\" style=\"border-top: 0px; border-right: 0px; background-image: none; border-bottom: 0px; padding-top: 0px; padding-left: 0px; border-left: 0px; display: inline; padding-right: 0px\" border=\"0\" alt=\"07082013\" src=\"http:\/\/www.anthealein.de\/wp-content\/uploads\/2013\/08\/07082013_thumb.jpg\" width=\"504\" height=\"504\" \/><\/a>    <br \/>Knipsen in der Kunsthalle ist nat\u00fcrlich verboten, schade war es trotzdem. Eins der Bilder, das mir n\u00e4mlich am meisten gefiel, war von Senioren der Malschule gemacht und ist selbstverst\u00e4ndlich nicht irgendwo bei Google zu finden. Hmpf. <\/p>\n<p align=\"center\">&#160;<\/p>\n<p align=\"center\"><a href=\"http:\/\/www.anthealein.de\/wp-content\/uploads\/2013\/08\/07082013II.jpg\"><img loading=\"lazy\" decoding=\"async\" title=\"07082013II\" style=\"border-top: 0px; border-right: 0px; background-image: none; border-bottom: 0px; padding-top: 0px; padding-left: 0px; border-left: 0px; display: inline; padding-right: 0px\" border=\"0\" alt=\"07082013II\" src=\"http:\/\/www.anthealein.de\/wp-content\/uploads\/2013\/08\/07082013II_thumb.jpg\" width=\"504\" height=\"504\" \/><\/a><\/p>\n<p align=\"center\">&#160;<\/p>\n<p align=\"center\"><a href=\"http:\/\/www.anthealein.de\/wp-content\/uploads\/2013\/08\/07082013III.jpg\"><img loading=\"lazy\" decoding=\"async\" title=\"07082013III\" style=\"border-top: 0px; border-right: 0px; background-image: none; border-bottom: 0px; padding-top: 0px; padding-left: 0px; border-left: 0px; display: inline; padding-right: 0px\" border=\"0\" alt=\"07082013III\" src=\"http:\/\/www.anthealein.de\/wp-content\/uploads\/2013\/08\/07082013III_thumb.jpg\" width=\"504\" height=\"504\" \/><\/a>    <br \/>Lenas neuestes Hobby: Puzzlen. Und puzzlen. Und am liebsten auch noch im Schlaf puzzlen. Und nat\u00fcrlich Lillifee.<\/p>\n","protected":false},"excerpt":{"rendered":"<p>\u2026 ist ein hei\u00dfes Pflaster f\u00fcr Autofahrer. Und: meinen Kindern braucht man erst gar nicht mit der \u201cKinderversion\u201d einer \u201cH\u00f6rf\u00fchrung\u201d kommen. Daf\u00fcr aber mir . Heute ging es nach der Arbeit (etwas \u00fcber 600 Ausleihen in den ersten zwei Stunden shock ) mit Chris und den Kindern nach Emden. Eigentlich wollten wir schon am Sonntag [&hellip;]<\/p>\n","protected":false},"author":1,"featured_media":0,"comment_status":"open","ping_status":"open","sticky":false,"template":"","format":"standard","meta":{"footnotes":""},"categories":[3],"tags":[],"class_list":["post-10439","post","type-post","status-publish","format-standard","hentry","category-alles-mogliche"],"_links":{"self":[{"href":"https:\/\/www.anthealein.de\/index.php?rest_route=\/wp\/v2\/posts\/10439","targetHints":{"allow":["GET"]}}],"collection":[{"href":"https:\/\/www.anthealein.de\/index.php?rest_route=\/wp\/v2\/posts"}],"about":[{"href":"https:\/\/www.anthealein.de\/index.php?rest_route=\/wp\/v2\/types\/post"}],"author":[{"embeddable":true,"href":"https:\/\/www.anthealein.de\/index.php?rest_route=\/wp\/v2\/users\/1"}],"replies":[{"embeddable":true,"href":"https:\/\/www.anthealein.de\/index.php?rest_route=%2Fwp%2Fv2%2Fcomments&post=10439"}],"version-history":[{"count":2,"href":"https:\/\/www.anthealein.de\/index.php?rest_route=\/wp\/v2\/posts\/10439\/revisions"}],"predecessor-version":[{"id":10441,"href":"https:\/\/www.anthealein.de\/index.php?rest_route=\/wp\/v2\/posts\/10439\/revisions\/10441"}],"wp:attachment":[{"href":"https:\/\/www.anthealein.de\/index.php?rest_route=%2Fwp%2Fv2%2Fmedia&parent=10439"}],"wp:term":[{"taxonomy":"category","embeddable":true,"href":"https:\/\/www.anthealein.de\/index.php?rest_route=%2Fwp%2Fv2%2Fcategories&post=10439"},{"taxonomy":"post_tag","embeddable":true,"href":"https:\/\/www.anthealein.de\/index.php?rest_route=%2Fwp%2Fv2%2Ftags&post=10439"}],"curies":[{"name":"wp","href":"https:\/\/api.w.org\/{rel}","templated":true}]}}