{"id":10283,"date":"2013-07-13T21:07:48","date_gmt":"2013-07-13T20:07:48","guid":{"rendered":"http:\/\/www.anthealein.de\/?p=10283"},"modified":"2013-07-13T21:07:48","modified_gmt":"2013-07-13T20:07:48","slug":"viel-geschafft","status":"publish","type":"post","link":"https:\/\/www.anthealein.de\/?p=10283","title":{"rendered":"Viel geschafft &hellip;"},"content":{"rendered":"<p>\u2026 haben wir heute. <\/p>\n<p align=\"justify\">In erster Linie: ausschlafen <img decoding=\"async\" style=\"border-bottom-style: none; border-left-style: none; border-top-style: none; border-right-style: none\" class=\"wlEmoticon wlEmoticon-openmouthedsmile\" alt=\"Smiley mit ge\u00f6ffnetem Mund\" src=\"http:\/\/www.anthealein.de\/wp-content\/uploads\/2013\/07\/wlEmoticon-openmouthedsmile3.png\" \/> . Also ich wenigstens. Lena stand mit Chris auf, Jana kam irgendwann auch ins Schlafzimmer geschlurrt als Chris schon weg war und aufgestanden sind wir dann schlussendlich kurz nach 9 Uhr.<\/p>\n<p align=\"justify\">Das Wetter sah halbwegs gut aus, also hab ich die Kinder um kurz nach 10 Uhr in den Fahrradanh\u00e4nger gescheucht. Zu Edeka in Heppens ging es und nat\u00fcrlich hatten die dort nicht alles, was ich f\u00fcrs Essen morgen brauche. Daf\u00fcr haben wir heraus bekommen, das Kinder bei Edeka auch mit auf die Personaltoilette d\u00fcrfen im Notfall und haben vor Edeka einen Benutzer getroffen, der fr\u00fcher Stammnutzer der Musikb\u00fccherei war und mich gleich nach diversen Interpreten gefragt hat. <\/p>\n<p align=\"justify\">Eigentlich wollten wir von Edeka aus dann Enten f\u00fcttern gehen und zu Rewe fahren, aber mit dem ganzen Einkauf in s\u00e4mtlichen Fahrradk\u00f6rben und dem \u201cKofferraum\u201d des Fahrradanh\u00e4ngers war mir das zu viel. Also fuhren wir erst wieder nach Hause, packten aus und stiegen ins Auto um. <\/p>\n<p align=\"justify\">Rewe, Enten f\u00fcttern und wieder nach Hause. Da es immer noch fr\u00fch war (gerade mal Mittag), hab ich spontan beschlossen den Boden f\u00fcr den Kuchen morgen schon mal vor zu backen und dann die Wohnung zu putzen. Jana beschloss mehr oder weniger freiwillig und spontan, w\u00e4hrenddessen ihr Zimmer auf Vordermann zu bringen. Und so verging der Nachmittag mit viel Rumger\u00e4ume, noch mehr Staub saugen und viel, viel M\u00fcll. <\/p>\n<p align=\"justify\">Morgen fr\u00fch muss ich daf\u00fcr dann aber auch nur noch die 2 Braten in den Backofen schmei\u00dfen und den Kuchen fertig machen. Und freue mich dann auf Schwies und den Besuch aus Ecuador <img decoding=\"async\" style=\"border-bottom-style: none; border-left-style: none; border-top-style: none; border-right-style: none\" class=\"wlEmoticon wlEmoticon-smile\" alt=\"Smiley\" src=\"http:\/\/www.anthealein.de\/wp-content\/uploads\/2013\/07\/wlEmoticon-smile3.png\" \/> .<\/p>\n<p align=\"justify\">&#160;<\/p>\n<p align=\"center\"><a href=\"http:\/\/www.anthealein.de\/wp-content\/uploads\/2013\/07\/13072013.jpg\"><img loading=\"lazy\" decoding=\"async\" style=\"background-image: none; border-bottom: 0px; border-left: 0px; padding-left: 0px; padding-right: 0px; display: inline; border-top: 0px; border-right: 0px; padding-top: 0px\" title=\"13072013\" border=\"0\" alt=\"13072013\" src=\"http:\/\/www.anthealein.de\/wp-content\/uploads\/2013\/07\/13072013_thumb.jpg\" width=\"504\" height=\"504\" \/><\/a>    <br \/>Gro\u00dfes K\u00fcken \u2026<\/p>\n<p align=\"center\">&#160;<\/p>\n<p align=\"center\"><a href=\"http:\/\/www.anthealein.de\/wp-content\/uploads\/2013\/07\/13072013II.jpg\"><img loading=\"lazy\" decoding=\"async\" style=\"background-image: none; border-bottom: 0px; border-left: 0px; padding-left: 0px; padding-right: 0px; display: inline; border-top: 0px; border-right: 0px; padding-top: 0px\" title=\"13072013II\" border=\"0\" alt=\"13072013II\" src=\"http:\/\/www.anthealein.de\/wp-content\/uploads\/2013\/07\/13072013II_thumb.jpg\" width=\"504\" height=\"504\" \/><\/a>    <br \/>\u2026 und Frischlinge <img decoding=\"async\" style=\"border-bottom-style: none; border-left-style: none; border-top-style: none; border-right-style: none\" class=\"wlEmoticon wlEmoticon-smile\" alt=\"Smiley\" src=\"http:\/\/www.anthealein.de\/wp-content\/uploads\/2013\/07\/wlEmoticon-smile3.png\" \/>&#160;<\/p>\n<p align=\"center\">&#160;<\/p>\n<p align=\"center\"><a href=\"http:\/\/www.anthealein.de\/wp-content\/uploads\/2013\/07\/13072013III.jpg\"><img loading=\"lazy\" decoding=\"async\" style=\"background-image: none; border-bottom: 0px; border-left: 0px; padding-left: 0px; padding-right: 0px; display: inline; border-top: 0px; border-right: 0px; padding-top: 0px\" title=\"13072013III\" border=\"0\" alt=\"13072013III\" src=\"http:\/\/www.anthealein.de\/wp-content\/uploads\/2013\/07\/13072013III_thumb.jpg\" width=\"504\" height=\"504\" \/><\/a>    <br \/>Ausgelagert \u2026<\/p>\n<p align=\"center\">&#160;<\/p>\n<p align=\"center\"><a href=\"http:\/\/www.anthealein.de\/wp-content\/uploads\/2013\/07\/13072013IV.jpg\"><img loading=\"lazy\" decoding=\"async\" style=\"background-image: none; border-bottom: 0px; border-left: 0px; padding-left: 0px; padding-right: 0px; display: inline; border-top: 0px; border-right: 0px; padding-top: 0px\" title=\"13072013IV\" border=\"0\" alt=\"13072013IV\" src=\"http:\/\/www.anthealein.de\/wp-content\/uploads\/2013\/07\/13072013IV_thumb.jpg\" width=\"504\" height=\"504\" \/><\/a>    <br \/>\u2026 hatte Jana etliches in Lenas Zimmer.<\/p>\n<p align=\"center\">&#160;<\/p>\n<p align=\"center\"><a href=\"http:\/\/www.anthealein.de\/wp-content\/uploads\/2013\/07\/13072013V.jpg\"><img loading=\"lazy\" decoding=\"async\" style=\"background-image: none; border-bottom: 0px; border-left: 0px; padding-left: 0px; padding-right: 0px; display: inline; border-top: 0px; border-right: 0px; padding-top: 0px\" title=\"13072013V\" border=\"0\" alt=\"13072013V\" src=\"http:\/\/www.anthealein.de\/wp-content\/uploads\/2013\/07\/13072013V_thumb.jpg\" width=\"504\" height=\"504\" \/><\/a>    <br \/>Fertig <img decoding=\"async\" style=\"border-bottom-style: none; border-left-style: none; border-top-style: none; border-right-style: none\" class=\"wlEmoticon wlEmoticon-smile\" alt=\"Smiley\" src=\"http:\/\/www.anthealein.de\/wp-content\/uploads\/2013\/07\/wlEmoticon-smile3.png\" \/><\/p>\n","protected":false},"excerpt":{"rendered":"<p>\u2026 haben wir heute. In erster Linie: ausschlafen . Also ich wenigstens. Lena stand mit Chris auf, Jana kam irgendwann auch ins Schlafzimmer geschlurrt als Chris schon weg war und aufgestanden sind wir dann schlussendlich kurz nach 9 Uhr. Das Wetter sah halbwegs gut aus, also hab ich die Kinder um kurz nach 10 Uhr [&hellip;]<\/p>\n","protected":false},"author":1,"featured_media":0,"comment_status":"open","ping_status":"open","sticky":false,"template":"","format":"standard","meta":{"footnotes":""},"categories":[3],"tags":[],"class_list":["post-10283","post","type-post","status-publish","format-standard","hentry","category-alles-mogliche"],"_links":{"self":[{"href":"https:\/\/www.anthealein.de\/index.php?rest_route=\/wp\/v2\/posts\/10283","targetHints":{"allow":["GET"]}}],"collection":[{"href":"https:\/\/www.anthealein.de\/index.php?rest_route=\/wp\/v2\/posts"}],"about":[{"href":"https:\/\/www.anthealein.de\/index.php?rest_route=\/wp\/v2\/types\/post"}],"author":[{"embeddable":true,"href":"https:\/\/www.anthealein.de\/index.php?rest_route=\/wp\/v2\/users\/1"}],"replies":[{"embeddable":true,"href":"https:\/\/www.anthealein.de\/index.php?rest_route=%2Fwp%2Fv2%2Fcomments&post=10283"}],"version-history":[{"count":0,"href":"https:\/\/www.anthealein.de\/index.php?rest_route=\/wp\/v2\/posts\/10283\/revisions"}],"wp:attachment":[{"href":"https:\/\/www.anthealein.de\/index.php?rest_route=%2Fwp%2Fv2%2Fmedia&parent=10283"}],"wp:term":[{"taxonomy":"category","embeddable":true,"href":"https:\/\/www.anthealein.de\/index.php?rest_route=%2Fwp%2Fv2%2Fcategories&post=10283"},{"taxonomy":"post_tag","embeddable":true,"href":"https:\/\/www.anthealein.de\/index.php?rest_route=%2Fwp%2Fv2%2Ftags&post=10283"}],"curies":[{"name":"wp","href":"https:\/\/api.w.org\/{rel}","templated":true}]}}