{"id":10210,"date":"2013-07-06T19:55:53","date_gmt":"2013-07-06T18:55:53","guid":{"rendered":"http:\/\/www.anthealein.de\/?p=10210"},"modified":"2013-07-06T19:55:53","modified_gmt":"2013-07-06T18:55:53","slug":"nett-war-es","status":"publish","type":"post","link":"https:\/\/www.anthealein.de\/?p=10210","title":{"rendered":"Nett war es &hellip;"},"content":{"rendered":"<p align=\"justify\">Das Sommerfest heute. <\/p>\n<p align=\"justify\">Auf dem Flohmarkt gab es heute morgen leider nichts f\u00fcr die Kinder und uns, aber daf\u00fcr hatten wir schon um 12 Uhr den ersten gro\u00dfen Spaziergang hinter uns. Um 14 Uhr ging das Sommerfest in Schortens los und es war wirklich nett mal wieder. Ich habe mit ein paar M\u00fcttern sehr interessante Gespr\u00e4che gef\u00fchrt, w\u00e4hrend Chris sich mit dem \u201cLasso\u201d einfangen lassen und in einer langen Wasserkette mitmachen musste. <\/p>\n<p align=\"justify\">&#160;<\/p>\n<p align=\"justify\">Um 16 Uhr brachen wir wieder auf, weil die Kinder um 17.45 Uhr ja schon auf der B\u00fchne am Pumpwerk sein mussten. Also nach Hause, umgezogen und zu Fu\u00df auf den Weg gemacht. Nach den Auftritten der Kinder ging es mit Umweg \u00fcber die Wurstbude nach Hause und mittlerweile ist Chris mit Thorsten schon los gezogen, w\u00e4hrend Lena schl\u00e4ft, Jana neben mir einen Film schaut und die Waschmaschine vor sich hin arbeitet. <\/p>\n<p align=\"justify\">Lena heute:   <br \/>&#8211; \u201cPapa, du bist der beste Papa\u201d! \u2026 \u201cUnd der Einzigste\u201d \u2026<\/p>\n<p align=\"justify\">&#160;<\/p>\n<p align=\"center\"><a href=\"http:\/\/www.anthealein.de\/wp-content\/uploads\/2013\/07\/06072013.jpg\"><img loading=\"lazy\" decoding=\"async\" style=\"background-image: none; border-bottom: 0px; border-left: 0px; padding-left: 0px; padding-right: 0px; display: inline; border-top: 0px; border-right: 0px; padding-top: 0px\" title=\"06072013\" border=\"0\" alt=\"06072013\" src=\"http:\/\/www.anthealein.de\/wp-content\/uploads\/2013\/07\/06072013_thumb.jpg\" width=\"504\" height=\"504\" \/><\/a><\/p>\n<p align=\"center\">&#160;<\/p>\n<p align=\"center\"><a href=\"http:\/\/www.anthealein.de\/wp-content\/uploads\/2013\/07\/06072013II.jpg\"><img loading=\"lazy\" decoding=\"async\" style=\"background-image: none; border-bottom: 0px; border-left: 0px; padding-left: 0px; padding-right: 0px; display: inline; border-top: 0px; border-right: 0px; padding-top: 0px\" title=\"06072013II\" border=\"0\" alt=\"06072013II\" src=\"http:\/\/www.anthealein.de\/wp-content\/uploads\/2013\/07\/06072013II_thumb.jpg\" width=\"504\" height=\"504\" \/><\/a><\/p>\n","protected":false},"excerpt":{"rendered":"<p>Das Sommerfest heute. Auf dem Flohmarkt gab es heute morgen leider nichts f\u00fcr die Kinder und uns, aber daf\u00fcr hatten wir schon um 12 Uhr den ersten gro\u00dfen Spaziergang hinter uns. Um 14 Uhr ging das Sommerfest in Schortens los und es war wirklich nett mal wieder. Ich habe mit ein paar M\u00fcttern sehr interessante [&hellip;]<\/p>\n","protected":false},"author":1,"featured_media":0,"comment_status":"open","ping_status":"open","sticky":false,"template":"","format":"standard","meta":{"footnotes":""},"categories":[3],"tags":[],"class_list":["post-10210","post","type-post","status-publish","format-standard","hentry","category-alles-mogliche"],"_links":{"self":[{"href":"https:\/\/www.anthealein.de\/index.php?rest_route=\/wp\/v2\/posts\/10210","targetHints":{"allow":["GET"]}}],"collection":[{"href":"https:\/\/www.anthealein.de\/index.php?rest_route=\/wp\/v2\/posts"}],"about":[{"href":"https:\/\/www.anthealein.de\/index.php?rest_route=\/wp\/v2\/types\/post"}],"author":[{"embeddable":true,"href":"https:\/\/www.anthealein.de\/index.php?rest_route=\/wp\/v2\/users\/1"}],"replies":[{"embeddable":true,"href":"https:\/\/www.anthealein.de\/index.php?rest_route=%2Fwp%2Fv2%2Fcomments&post=10210"}],"version-history":[{"count":0,"href":"https:\/\/www.anthealein.de\/index.php?rest_route=\/wp\/v2\/posts\/10210\/revisions"}],"wp:attachment":[{"href":"https:\/\/www.anthealein.de\/index.php?rest_route=%2Fwp%2Fv2%2Fmedia&parent=10210"}],"wp:term":[{"taxonomy":"category","embeddable":true,"href":"https:\/\/www.anthealein.de\/index.php?rest_route=%2Fwp%2Fv2%2Fcategories&post=10210"},{"taxonomy":"post_tag","embeddable":true,"href":"https:\/\/www.anthealein.de\/index.php?rest_route=%2Fwp%2Fv2%2Ftags&post=10210"}],"curies":[{"name":"wp","href":"https:\/\/api.w.org\/{rel}","templated":true}]}}