{"id":10201,"date":"2013-07-04T20:36:22","date_gmt":"2013-07-04T19:36:22","guid":{"rendered":"http:\/\/www.anthealein.de\/?p=10201"},"modified":"2013-07-04T20:38:03","modified_gmt":"2013-07-04T19:38:03","slug":"10201","status":"publish","type":"post","link":"https:\/\/www.anthealein.de\/?p=10201","title":{"rendered":"&hellip;"},"content":{"rendered":"<p align=\"justify\">Resteinkauf f\u00fcr das Wochenende erledigt, Lenas Kleiderschrank ausgemistet, Jana nach ihrem Stadtbummel mit L. und deren Vater wieder eingesammelt. Nach der Krankengymnastik den allerletzten Parkplatz in unserer Stra\u00dfe ergattert (der bis Montag auch meiner bleibt), die ersten Bratw\u00fcrstchen dieses Wochenendes an der Jade gegessen und bei Berentzen an der Losbude eine gro\u00dfe Flasche Berentzen Wildkirsche gewonnen <img decoding=\"async\" style=\"border-bottom-style: none; border-left-style: none; border-top-style: none; border-right-style: none\" class=\"wlEmoticon wlEmoticon-openmouthedsmile\" alt=\"Smiley mit ge\u00f6ffnetem Mund\" src=\"http:\/\/www.anthealein.de\/wp-content\/uploads\/2013\/07\/wlEmoticon-openmouthedsmile1.png\" \/> . <\/p>\n<p>&#160;<\/p>\n<p align=\"center\"><a href=\"http:\/\/www.anthealein.de\/wp-content\/uploads\/2013\/07\/04072013.jpg\"><img loading=\"lazy\" decoding=\"async\" style=\"background-image: none; border-bottom: 0px; border-left: 0px; padding-left: 0px; padding-right: 0px; display: inline; border-top: 0px; border-right: 0px; padding-top: 0px\" title=\"04072013\" border=\"0\" alt=\"04072013\" src=\"http:\/\/www.anthealein.de\/wp-content\/uploads\/2013\/07\/04072013_thumb.jpg\" width=\"404\" height=\"504\" \/><\/a><\/p>\n<p align=\"center\">&#160;<\/p>\n<p align=\"center\"><a href=\"http:\/\/www.anthealein.de\/wp-content\/uploads\/2013\/07\/04072013II.jpg\"><img loading=\"lazy\" decoding=\"async\" style=\"background-image: none; border-bottom: 0px; border-left: 0px; padding-left: 0px; padding-right: 0px; display: inline; border-top: 0px; border-right: 0px; padding-top: 0px\" title=\"04072013II\" border=\"0\" alt=\"04072013II\" src=\"http:\/\/www.anthealein.de\/wp-content\/uploads\/2013\/07\/04072013II_thumb.jpg\" width=\"404\" height=\"504\" \/><\/a><\/p>\n","protected":false},"excerpt":{"rendered":"<p>Resteinkauf f\u00fcr das Wochenende erledigt, Lenas Kleiderschrank ausgemistet, Jana nach ihrem Stadtbummel mit L. und deren Vater wieder eingesammelt. Nach der Krankengymnastik den allerletzten Parkplatz in unserer Stra\u00dfe ergattert (der bis Montag auch meiner bleibt), die ersten Bratw\u00fcrstchen dieses Wochenendes an der Jade gegessen und bei Berentzen an der Losbude eine gro\u00dfe Flasche Berentzen Wildkirsche [&hellip;]<\/p>\n","protected":false},"author":1,"featured_media":0,"comment_status":"open","ping_status":"open","sticky":false,"template":"","format":"standard","meta":{"footnotes":""},"categories":[3],"tags":[],"class_list":["post-10201","post","type-post","status-publish","format-standard","hentry","category-alles-mogliche"],"_links":{"self":[{"href":"https:\/\/www.anthealein.de\/index.php?rest_route=\/wp\/v2\/posts\/10201","targetHints":{"allow":["GET"]}}],"collection":[{"href":"https:\/\/www.anthealein.de\/index.php?rest_route=\/wp\/v2\/posts"}],"about":[{"href":"https:\/\/www.anthealein.de\/index.php?rest_route=\/wp\/v2\/types\/post"}],"author":[{"embeddable":true,"href":"https:\/\/www.anthealein.de\/index.php?rest_route=\/wp\/v2\/users\/1"}],"replies":[{"embeddable":true,"href":"https:\/\/www.anthealein.de\/index.php?rest_route=%2Fwp%2Fv2%2Fcomments&post=10201"}],"version-history":[{"count":1,"href":"https:\/\/www.anthealein.de\/index.php?rest_route=\/wp\/v2\/posts\/10201\/revisions"}],"predecessor-version":[{"id":10202,"href":"https:\/\/www.anthealein.de\/index.php?rest_route=\/wp\/v2\/posts\/10201\/revisions\/10202"}],"wp:attachment":[{"href":"https:\/\/www.anthealein.de\/index.php?rest_route=%2Fwp%2Fv2%2Fmedia&parent=10201"}],"wp:term":[{"taxonomy":"category","embeddable":true,"href":"https:\/\/www.anthealein.de\/index.php?rest_route=%2Fwp%2Fv2%2Fcategories&post=10201"},{"taxonomy":"post_tag","embeddable":true,"href":"https:\/\/www.anthealein.de\/index.php?rest_route=%2Fwp%2Fv2%2Ftags&post=10201"}],"curies":[{"name":"wp","href":"https:\/\/api.w.org\/{rel}","templated":true}]}}