{"id":10171,"date":"2013-07-02T20:41:48","date_gmt":"2013-07-02T19:41:48","guid":{"rendered":"http:\/\/www.anthealein.de\/?p=10171"},"modified":"2013-07-02T20:41:48","modified_gmt":"2013-07-02T19:41:48","slug":"urlaub-4","status":"publish","type":"post","link":"https:\/\/www.anthealein.de\/?p=10171","title":{"rendered":"Urlaub &hellip;"},"content":{"rendered":"<p align=\"justify\">\u2026 macht bei dem Wetter doch Spa\u00df (*aufHolzklopf*). Heute morgen lief ein fliegender Wechsel ab. Chris brachte Lena in den Kindergarten und Nachbarssohn M. (in Lenas Alter) wurde von seiner Mutter zu uns gebracht. Seine Tagesmutter f\u00e4llt aus, weshalb unsere Nachbarn und ich einspringen. Zwei Tage habe ich diese Woche \u201cDienst\u201d. Jana, M. und ich klingelten kurz nach 9 Uhr unten, um auch das mittlere Kind E. (der Junge in Janas Alter) zu fragen, ob er mit will zum einkaufen. Wollte er. Und so fuhr ich v\u00f6llig ungewohnt mit 2 Jungen und einem M\u00e4dchen los. Zu Lidl musste ich und zu Dannmann, ein Geschenk f\u00fcr Janas Freundin f\u00fcr morgen besorgen. Das arme Kind muss praktisch die ganzen Ferien im Krankenhaus verbringen ab n\u00e4chster Woche und noch dazu mussten alle anderen eingeladenen Kinder absagen. Also will Jana da unbedingt hin und wir haben L. ein sch\u00f6nes Monster High Malbuch besorgt f\u00fcr die Zeit im Krankenhaus.<\/p>\n<p align=\"justify\">Wieder zu Hause blieb E. auch mit hier oben und die Kinder tobten durch die Wohnung. Lena holte ich fr\u00fcher ab und die ersten Zickereien begannen p\u00fcnktlich wie \u00fcblich 15 Minuten vor Abholungszeit.<\/p>\n<p align=\"justify\">Angesichts des Wetters nahm ich mir dann nicht \u2013 wie urspr\u00fcnglich geplant \u2013 eines der Kinderzimmer vor. Stattdessen machte ich das Fahrrad inkl. Anh\u00e4nger fit und packte Jana und Lena in den Anh\u00e4nger. Zum Kurpark fuhren wir, Entenk\u00fcken schauen und auf den Spielplatz. Und anschlie\u00dfend wegen Janas Fu\u00df zu unserem Termin zum Unfallchirurgen. Ein Eis von der Eisdiele gab es noch obendrauf und zur\u00fcck zu Hause waren wir gegen 16 Uhr. <\/p>\n<p align=\"justify\">Zur Kr\u00f6nung kamen noch Oma und Opa und wie immer ist jetzt Feierabend <img decoding=\"async\" style=\"border-bottom-style: none; border-left-style: none; border-top-style: none; border-right-style: none\" class=\"wlEmoticon wlEmoticon-smile\" alt=\"Smiley\" src=\"http:\/\/www.anthealein.de\/wp-content\/uploads\/2013\/07\/wlEmoticon-smile.png\" \/> . <\/p>\n<p align=\"justify\">Morgen habe ich M. noch einmal ab 8.30 Uhr ca., um 11 Uhr ca. wird Jana abgeholt und Schwesterchen besuchen Lena und ich, sobald M. kurz nach 13 Uhr wieder abgeholt ist. Evtl. ja wieder mit dem Fahrrad?<\/p>\n<p align=\"justify\">&#160;<\/p>\n<p align=\"center\"><a href=\"http:\/\/www.anthealein.de\/wp-content\/uploads\/2013\/07\/02072013.jpg\"><img loading=\"lazy\" decoding=\"async\" style=\"background-image: none; border-bottom: 0px; border-left: 0px; padding-left: 0px; padding-right: 0px; display: inline; border-top: 0px; border-right: 0px; padding-top: 0px\" title=\"02072013\" border=\"0\" alt=\"02072013\" src=\"http:\/\/www.anthealein.de\/wp-content\/uploads\/2013\/07\/02072013_thumb.jpg\" width=\"504\" height=\"504\" \/><\/a><\/p>\n<p align=\"center\">&#160;<\/p>\n<p align=\"center\"><a href=\"http:\/\/www.anthealein.de\/wp-content\/uploads\/2013\/07\/02072013II.jpg\"><img loading=\"lazy\" decoding=\"async\" style=\"background-image: none; border-bottom: 0px; border-left: 0px; padding-left: 0px; padding-right: 0px; display: inline; border-top: 0px; border-right: 0px; padding-top: 0px\" title=\"02072013II\" border=\"0\" alt=\"02072013II\" src=\"http:\/\/www.anthealein.de\/wp-content\/uploads\/2013\/07\/02072013II_thumb.jpg\" width=\"504\" height=\"504\" \/><\/a><\/p>\n","protected":false},"excerpt":{"rendered":"<p>\u2026 macht bei dem Wetter doch Spa\u00df (*aufHolzklopf*). Heute morgen lief ein fliegender Wechsel ab. Chris brachte Lena in den Kindergarten und Nachbarssohn M. (in Lenas Alter) wurde von seiner Mutter zu uns gebracht. Seine Tagesmutter f\u00e4llt aus, weshalb unsere Nachbarn und ich einspringen. Zwei Tage habe ich diese Woche \u201cDienst\u201d. Jana, M. und ich [&hellip;]<\/p>\n","protected":false},"author":1,"featured_media":0,"comment_status":"open","ping_status":"open","sticky":false,"template":"","format":"standard","meta":{"footnotes":""},"categories":[3],"tags":[],"class_list":["post-10171","post","type-post","status-publish","format-standard","hentry","category-alles-mogliche"],"_links":{"self":[{"href":"https:\/\/www.anthealein.de\/index.php?rest_route=\/wp\/v2\/posts\/10171","targetHints":{"allow":["GET"]}}],"collection":[{"href":"https:\/\/www.anthealein.de\/index.php?rest_route=\/wp\/v2\/posts"}],"about":[{"href":"https:\/\/www.anthealein.de\/index.php?rest_route=\/wp\/v2\/types\/post"}],"author":[{"embeddable":true,"href":"https:\/\/www.anthealein.de\/index.php?rest_route=\/wp\/v2\/users\/1"}],"replies":[{"embeddable":true,"href":"https:\/\/www.anthealein.de\/index.php?rest_route=%2Fwp%2Fv2%2Fcomments&post=10171"}],"version-history":[{"count":0,"href":"https:\/\/www.anthealein.de\/index.php?rest_route=\/wp\/v2\/posts\/10171\/revisions"}],"wp:attachment":[{"href":"https:\/\/www.anthealein.de\/index.php?rest_route=%2Fwp%2Fv2%2Fmedia&parent=10171"}],"wp:term":[{"taxonomy":"category","embeddable":true,"href":"https:\/\/www.anthealein.de\/index.php?rest_route=%2Fwp%2Fv2%2Fcategories&post=10171"},{"taxonomy":"post_tag","embeddable":true,"href":"https:\/\/www.anthealein.de\/index.php?rest_route=%2Fwp%2Fv2%2Ftags&post=10171"}],"curies":[{"name":"wp","href":"https:\/\/api.w.org\/{rel}","templated":true}]}}