{"id":10121,"date":"2013-06-26T20:26:09","date_gmt":"2013-06-26T19:26:09","guid":{"rendered":"http:\/\/www.anthealein.de\/?p=10121"},"modified":"2013-06-26T20:26:09","modified_gmt":"2013-06-26T19:26:09","slug":"stolz-sein","status":"publish","type":"post","link":"https:\/\/www.anthealein.de\/?p=10121","title":{"rendered":"Stolz sein &hellip;"},"content":{"rendered":"<p align=\"justify\">\u2026 kann Jana auf ihr Zeugnis. Nur 1en und 2en hat das Kind, und besonders hervor gehoben wurde ihr Interesse an religi\u00f6sen Fragen (*kopfkratz*). <\/p>\n<p align=\"justify\">Beide Kinder durften sich zur Belohnung von Jac verw\u00f6hnen und die Haare machen lassen und Jana freut sich jetzt richtig auf morgen, wenn es f\u00fcr sie mit in den Kindergarten geht zum Geschwistertag.<\/p>\n<p align=\"justify\">Morgen nicht wundern, ich arbeite bis 18 Uhr und darf um 20 Uhr schon unten im Kindergarten zum Elternabend antreten. Gepostet wird also deutlich sp\u00e4ter *g*.<\/p>\n<p align=\"justify\">&#160;<\/p>\n<p align=\"center\"><a href=\"http:\/\/www.anthealein.de\/wp-content\/uploads\/2013\/06\/26062013.jpg\"><img loading=\"lazy\" decoding=\"async\" style=\"background-image: none; border-bottom: 0px; border-left: 0px; padding-left: 0px; padding-right: 0px; display: inline; border-top: 0px; border-right: 0px; padding-top: 0px\" title=\"26062013\" border=\"0\" alt=\"26062013\" src=\"http:\/\/www.anthealein.de\/wp-content\/uploads\/2013\/06\/26062013_thumb.jpg\" width=\"504\" height=\"504\" \/><\/a><\/p>\n<p align=\"center\">&#160;<\/p>\n<p align=\"center\"><a href=\"http:\/\/www.anthealein.de\/wp-content\/uploads\/2013\/06\/26062013II.jpg\"><img loading=\"lazy\" decoding=\"async\" style=\"background-image: none; border-bottom: 0px; border-left: 0px; padding-left: 0px; padding-right: 0px; display: inline; border-top: 0px; border-right: 0px; padding-top: 0px\" title=\"26062013II\" border=\"0\" alt=\"26062013II\" src=\"http:\/\/www.anthealein.de\/wp-content\/uploads\/2013\/06\/26062013II_thumb.jpg\" width=\"504\" height=\"504\" \/><\/a><\/p>\n","protected":false},"excerpt":{"rendered":"<p>\u2026 kann Jana auf ihr Zeugnis. Nur 1en und 2en hat das Kind, und besonders hervor gehoben wurde ihr Interesse an religi\u00f6sen Fragen (*kopfkratz*). Beide Kinder durften sich zur Belohnung von Jac verw\u00f6hnen und die Haare machen lassen und Jana freut sich jetzt richtig auf morgen, wenn es f\u00fcr sie mit in den Kindergarten geht [&hellip;]<\/p>\n","protected":false},"author":1,"featured_media":0,"comment_status":"open","ping_status":"open","sticky":false,"template":"","format":"standard","meta":{"footnotes":""},"categories":[3],"tags":[],"class_list":["post-10121","post","type-post","status-publish","format-standard","hentry","category-alles-mogliche"],"_links":{"self":[{"href":"https:\/\/www.anthealein.de\/index.php?rest_route=\/wp\/v2\/posts\/10121","targetHints":{"allow":["GET"]}}],"collection":[{"href":"https:\/\/www.anthealein.de\/index.php?rest_route=\/wp\/v2\/posts"}],"about":[{"href":"https:\/\/www.anthealein.de\/index.php?rest_route=\/wp\/v2\/types\/post"}],"author":[{"embeddable":true,"href":"https:\/\/www.anthealein.de\/index.php?rest_route=\/wp\/v2\/users\/1"}],"replies":[{"embeddable":true,"href":"https:\/\/www.anthealein.de\/index.php?rest_route=%2Fwp%2Fv2%2Fcomments&post=10121"}],"version-history":[{"count":0,"href":"https:\/\/www.anthealein.de\/index.php?rest_route=\/wp\/v2\/posts\/10121\/revisions"}],"wp:attachment":[{"href":"https:\/\/www.anthealein.de\/index.php?rest_route=%2Fwp%2Fv2%2Fmedia&parent=10121"}],"wp:term":[{"taxonomy":"category","embeddable":true,"href":"https:\/\/www.anthealein.de\/index.php?rest_route=%2Fwp%2Fv2%2Fcategories&post=10121"},{"taxonomy":"post_tag","embeddable":true,"href":"https:\/\/www.anthealein.de\/index.php?rest_route=%2Fwp%2Fv2%2Ftags&post=10121"}],"curies":[{"name":"wp","href":"https:\/\/api.w.org\/{rel}","templated":true}]}}