{"id":10104,"date":"2013-06-23T20:10:15","date_gmt":"2013-06-23T19:10:15","guid":{"rendered":"http:\/\/www.anthealein.de\/?p=10104"},"modified":"2013-06-23T20:10:15","modified_gmt":"2013-06-23T19:10:15","slug":"gut","status":"publish","type":"post","link":"https:\/\/www.anthealein.de\/?p=10104","title":{"rendered":"Gut,"},"content":{"rendered":"<p align=\"justify\">das wir Schwies f\u00fcr heute eh zum Essen eingeladen hatten. So konnten Oma und Opa noch sch\u00f6n essen, bevor sie nach Bremen fuhren um B. (eine von den Ecus) abzuholen. F\u00fcr Jana das erste Mal Flughafen, w\u00e4hrend Lena Eltern-Exklusivzeit hatte <img decoding=\"async\" style=\"border-bottom-style: none; border-left-style: none; border-top-style: none; border-right-style: none\" class=\"wlEmoticon wlEmoticon-openmouthedsmile\" alt=\"Smiley mit ge\u00f6ffnetem Mund\" src=\"http:\/\/www.anthealein.de\/wp-content\/uploads\/2013\/06\/wlEmoticon-openmouthedsmile6.png\" \/> . <\/p>\n<p align=\"justify\">B. wird ein paar Wochen l\u00e4nger bleiben, viel Zeit also zu quatschen *freu*. <\/p>\n<p>&#160;<\/p>\n<p align=\"center\"><a href=\"http:\/\/www.anthealein.de\/wp-content\/uploads\/2013\/06\/23062013.jpg\"><img loading=\"lazy\" decoding=\"async\" style=\"background-image: none; border-bottom: 0px; border-left: 0px; padding-left: 0px; padding-right: 0px; display: inline; border-top: 0px; border-right: 0px; padding-top: 0px\" title=\"23062013\" border=\"0\" alt=\"23062013\" src=\"http:\/\/www.anthealein.de\/wp-content\/uploads\/2013\/06\/23062013_thumb.jpg\" width=\"504\" height=\"504\" \/><\/a><\/p>\n<p align=\"center\">&#160;<\/p>\n<p align=\"center\"><a href=\"http:\/\/www.anthealein.de\/wp-content\/uploads\/2013\/06\/23062013II.jpg\"><img loading=\"lazy\" decoding=\"async\" style=\"background-image: none; border-bottom: 0px; border-left: 0px; padding-left: 0px; padding-right: 0px; display: inline; border-top: 0px; border-right: 0px; padding-top: 0px\" title=\"23062013II\" border=\"0\" alt=\"23062013II\" src=\"http:\/\/www.anthealein.de\/wp-content\/uploads\/2013\/06\/23062013II_thumb.jpg\" width=\"504\" height=\"504\" \/><\/a><\/p>\n","protected":false},"excerpt":{"rendered":"<p>das wir Schwies f\u00fcr heute eh zum Essen eingeladen hatten. So konnten Oma und Opa noch sch\u00f6n essen, bevor sie nach Bremen fuhren um B. (eine von den Ecus) abzuholen. F\u00fcr Jana das erste Mal Flughafen, w\u00e4hrend Lena Eltern-Exklusivzeit hatte . B. wird ein paar Wochen l\u00e4nger bleiben, viel Zeit also zu quatschen *freu*. &#160; [&hellip;]<\/p>\n","protected":false},"author":1,"featured_media":0,"comment_status":"open","ping_status":"open","sticky":false,"template":"","format":"standard","meta":{"footnotes":""},"categories":[3],"tags":[],"class_list":["post-10104","post","type-post","status-publish","format-standard","hentry","category-alles-mogliche"],"_links":{"self":[{"href":"https:\/\/www.anthealein.de\/index.php?rest_route=\/wp\/v2\/posts\/10104","targetHints":{"allow":["GET"]}}],"collection":[{"href":"https:\/\/www.anthealein.de\/index.php?rest_route=\/wp\/v2\/posts"}],"about":[{"href":"https:\/\/www.anthealein.de\/index.php?rest_route=\/wp\/v2\/types\/post"}],"author":[{"embeddable":true,"href":"https:\/\/www.anthealein.de\/index.php?rest_route=\/wp\/v2\/users\/1"}],"replies":[{"embeddable":true,"href":"https:\/\/www.anthealein.de\/index.php?rest_route=%2Fwp%2Fv2%2Fcomments&post=10104"}],"version-history":[{"count":0,"href":"https:\/\/www.anthealein.de\/index.php?rest_route=\/wp\/v2\/posts\/10104\/revisions"}],"wp:attachment":[{"href":"https:\/\/www.anthealein.de\/index.php?rest_route=%2Fwp%2Fv2%2Fmedia&parent=10104"}],"wp:term":[{"taxonomy":"category","embeddable":true,"href":"https:\/\/www.anthealein.de\/index.php?rest_route=%2Fwp%2Fv2%2Fcategories&post=10104"},{"taxonomy":"post_tag","embeddable":true,"href":"https:\/\/www.anthealein.de\/index.php?rest_route=%2Fwp%2Fv2%2Ftags&post=10104"}],"curies":[{"name":"wp","href":"https:\/\/api.w.org\/{rel}","templated":true}]}}