{"id":10098,"date":"2013-06-22T20:04:51","date_gmt":"2013-06-22T19:04:51","guid":{"rendered":"http:\/\/www.anthealein.de\/?p=10098"},"modified":"2013-06-22T20:04:51","modified_gmt":"2013-06-22T19:04:51","slug":"max-und-die-ksebande","status":"publish","type":"post","link":"https:\/\/www.anthealein.de\/?p=10098","title":{"rendered":"&ldquo;Max und die K&auml;sebande&rdquo;"},"content":{"rendered":"<p align=\"justify\">So hei\u00dft das Musical, das die Musical-AG an Janas Schule mit Hilfe der Musikschule auf die Beine gestellt hat. Und das wurde heute um 17.30 Uhr f\u00fcr uns Eltern aufgef\u00fchrt. Was sich prima nach meiner Arbeit noch unterbringen lie\u00df.&#160; Jana durfte fast die ganze Zeit auf einem K\u00e4sew\u00fcrfel sitzen, weil Chris ihr heute beim Einkaufen mit dem Einkaufswagen ins Bein gefahren ist und das Kind Schmerzen hatte\/hat.<\/p>\n<p align=\"justify\">&#160;<\/p>\n<p align=\"center\"><a href=\"http:\/\/www.anthealein.de\/wp-content\/uploads\/2013\/06\/22062013.jpg\"><img loading=\"lazy\" decoding=\"async\" style=\"background-image: none; border-bottom: 0px; border-left: 0px; padding-left: 0px; padding-right: 0px; display: inline; border-top: 0px; border-right: 0px; padding-top: 0px\" title=\"22062013\" border=\"0\" alt=\"22062013\" src=\"http:\/\/www.anthealein.de\/wp-content\/uploads\/2013\/06\/22062013_thumb.jpg\" width=\"504\" height=\"504\" \/><\/a><\/p>\n<p align=\"center\">&#160;<\/p>\n<p align=\"center\"><a href=\"http:\/\/www.anthealein.de\/wp-content\/uploads\/2013\/06\/22062013II.jpg\"><img loading=\"lazy\" decoding=\"async\" style=\"background-image: none; border-bottom: 0px; border-left: 0px; padding-left: 0px; padding-right: 0px; display: inline; border-top: 0px; border-right: 0px; padding-top: 0px\" title=\"22062013II\" border=\"0\" alt=\"22062013II\" src=\"http:\/\/www.anthealein.de\/wp-content\/uploads\/2013\/06\/22062013II_thumb.jpg\" width=\"504\" height=\"504\" \/><\/a><\/p>\n","protected":false},"excerpt":{"rendered":"<p>So hei\u00dft das Musical, das die Musical-AG an Janas Schule mit Hilfe der Musikschule auf die Beine gestellt hat. Und das wurde heute um 17.30 Uhr f\u00fcr uns Eltern aufgef\u00fchrt. Was sich prima nach meiner Arbeit noch unterbringen lie\u00df.&#160; Jana durfte fast die ganze Zeit auf einem K\u00e4sew\u00fcrfel sitzen, weil Chris ihr heute beim Einkaufen [&hellip;]<\/p>\n","protected":false},"author":1,"featured_media":0,"comment_status":"open","ping_status":"open","sticky":false,"template":"","format":"standard","meta":{"footnotes":""},"categories":[3],"tags":[],"class_list":["post-10098","post","type-post","status-publish","format-standard","hentry","category-alles-mogliche"],"_links":{"self":[{"href":"https:\/\/www.anthealein.de\/index.php?rest_route=\/wp\/v2\/posts\/10098","targetHints":{"allow":["GET"]}}],"collection":[{"href":"https:\/\/www.anthealein.de\/index.php?rest_route=\/wp\/v2\/posts"}],"about":[{"href":"https:\/\/www.anthealein.de\/index.php?rest_route=\/wp\/v2\/types\/post"}],"author":[{"embeddable":true,"href":"https:\/\/www.anthealein.de\/index.php?rest_route=\/wp\/v2\/users\/1"}],"replies":[{"embeddable":true,"href":"https:\/\/www.anthealein.de\/index.php?rest_route=%2Fwp%2Fv2%2Fcomments&post=10098"}],"version-history":[{"count":0,"href":"https:\/\/www.anthealein.de\/index.php?rest_route=\/wp\/v2\/posts\/10098\/revisions"}],"wp:attachment":[{"href":"https:\/\/www.anthealein.de\/index.php?rest_route=%2Fwp%2Fv2%2Fmedia&parent=10098"}],"wp:term":[{"taxonomy":"category","embeddable":true,"href":"https:\/\/www.anthealein.de\/index.php?rest_route=%2Fwp%2Fv2%2Fcategories&post=10098"},{"taxonomy":"post_tag","embeddable":true,"href":"https:\/\/www.anthealein.de\/index.php?rest_route=%2Fwp%2Fv2%2Ftags&post=10098"}],"curies":[{"name":"wp","href":"https:\/\/api.w.org\/{rel}","templated":true}]}}