{"id":986,"date":"2010-01-29T20:41:22","date_gmt":"2010-01-29T19:41:22","guid":{"rendered":"http:\/\/www.anthealein.de\/?p=986"},"modified":"2010-01-29T20:41:22","modified_gmt":"2010-01-29T19:41:22","slug":"die-wollen-sachen-wissen-umfall","status":"publish","type":"post","link":"http:\/\/www.anthealein.de\/?p=986","title":{"rendered":"Die wollen Sachen wissen *umfall*"},"content":{"rendered":"<p>Die letzten Tage kam hier die Einladung zur Schuleingangsuntersuchung am 10.03. an. Incl. Fragebogen f\u00fcr mich. Die meisten Sachen konnte ich aus dem Kopf beantworten, f\u00fcr die eine brauchte ich das U-Heft von Jana. Aber glauben die allen Ernstes das sich alle Eltern noch daran erinnern, wann ihre 6-j\u00e4hrigen den ersten 2-Wort-Satz vor zig Jahren gebildet haben? <\/p>\n<p>Lena war so nett, f\u00fcr mich den Zeitpunkt einzugrenzen weil sie vorgestern \u201cMau&#160; ham ham\u201d \u00e4u\u00dferte, als Tina zu ihrem Fressnapf dackelte. Also alte Videos von Jana angeschaut und festgestellt, das sie tats\u00e4chlich ebenfalls mit 15 Monaten Oma schon am Telefon erz\u00e4hlt hat, das&#160; \u201cPapa arba\u201d w\u00e4re. Nebenbei hab ich dabei festgestellt, das die beiden Zwerge sich doch deutlich \u00e4hnlicher sind, als ich im Kopf hatte. Jana war mal genauso quengelig und motzig wie Lena jetzt. Und einige der Bewegungen, die Mimik etc. \u00e4hneln sich unheimlich \ud83d\ude00<\/p>\n<p>Lena macht riesige Fortschritte, versucht ab und zu sogar schon zu rennen und versteht wirklich alles, was man sagt. Rede ich so vor mich hin, das ich nur noch etwas fertig mache und wir dann den Geschirrsp\u00fcler ausr\u00e4umen, sieht man nur noch ihre R\u00fcckansicht auf dem Weg in die K\u00fcche. Allgemein hilft sie sehr gerne, hat aber irgendwie noch nicht verstanden, das der M\u00fcll im Eimer bleiben soll nachdem man ihn dort hinein getan hat und daf\u00fcr gelobt wurde :shock_tb:<\/p>\n<p>Geburtstagsgeschenke sind bestellt, Einladungskarten werden am Wochenende fertig gemacht, Geschenkewunschbox im Spielzeugladen ist auch abgehakt, die Geburtstagsparty wird doch im Kiga stattfinden und eine Hilfe f\u00fcr Chris hab ich h\u00f6chstwahrscheinlich auch schon, falls nichts dazwischen kommt. Fehlen ja \u201cnur\u201d noch Mitgebsel f\u00fcr Kiga und Party, Pappteller und co., Luftballons, und und und\u2026 *seufz* Bei meinem Ex-Kollegen war ich diese Woche auch noch nicht und mein Patenkind wartet auch noch immer \ud83d\ude41 N\u00e4chste Woche muss ich beide unbedingt schaffen, bevor hier Mittwoch-Samstag der Notstand ausbricht. Nicht zu vergessen Valeskas Bett, das Chris abholen und irgendwie in unserem noch nicht aufger\u00e4umten Keller unterbringen muss.<\/p>\n<p>Sollte es mich tr\u00f6sten, das es \u00fcbern\u00e4chste Woche gleich weitergeht mit den Vorbereitungen f\u00fcr das Karnevals\u00fcberraschungsfr\u00fchst\u00fcck und den dann folgenden Geburtstagsfeiern von Janas Freundinnen?<\/p>\n<p><a href=\"http:\/\/www.anthealein.de\/wp-content\/uploads\/2010\/01\/280120101.jpg\"><img loading=\"lazy\" decoding=\"async\" style=\"border-bottom: 0px; border-left: 0px; display: block; float: none; margin-left: auto; border-top: 0px; margin-right: auto; border-right: 0px\" title=\"28012010\" border=\"0\" alt=\"28012010\" src=\"http:\/\/www.anthealein.de\/wp-content\/uploads\/2010\/01\/28012010-thumb.jpg\" width=\"504\" height=\"504\" \/><\/a><\/p>\n","protected":false},"excerpt":{"rendered":"<p>Die letzten Tage kam hier die Einladung zur Schuleingangsuntersuchung am 10.03. an. Incl. Fragebogen f\u00fcr mich. Die meisten Sachen konnte ich aus dem Kopf beantworten, f\u00fcr die eine brauchte ich das U-Heft von Jana. Aber glauben die allen Ernstes das sich alle Eltern noch daran erinnern, wann ihre 6-j\u00e4hrigen den ersten 2-Wort-Satz vor zig Jahren [&hellip;]<\/p>\n","protected":false},"author":1,"featured_media":0,"comment_status":"open","ping_status":"open","sticky":false,"template":"","format":"standard","meta":{"footnotes":""},"categories":[3],"tags":[],"class_list":["post-986","post","type-post","status-publish","format-standard","hentry","category-alles-mogliche"],"_links":{"self":[{"href":"http:\/\/www.anthealein.de\/index.php?rest_route=\/wp\/v2\/posts\/986","targetHints":{"allow":["GET"]}}],"collection":[{"href":"http:\/\/www.anthealein.de\/index.php?rest_route=\/wp\/v2\/posts"}],"about":[{"href":"http:\/\/www.anthealein.de\/index.php?rest_route=\/wp\/v2\/types\/post"}],"author":[{"embeddable":true,"href":"http:\/\/www.anthealein.de\/index.php?rest_route=\/wp\/v2\/users\/1"}],"replies":[{"embeddable":true,"href":"http:\/\/www.anthealein.de\/index.php?rest_route=%2Fwp%2Fv2%2Fcomments&post=986"}],"version-history":[{"count":0,"href":"http:\/\/www.anthealein.de\/index.php?rest_route=\/wp\/v2\/posts\/986\/revisions"}],"wp:attachment":[{"href":"http:\/\/www.anthealein.de\/index.php?rest_route=%2Fwp%2Fv2%2Fmedia&parent=986"}],"wp:term":[{"taxonomy":"category","embeddable":true,"href":"http:\/\/www.anthealein.de\/index.php?rest_route=%2Fwp%2Fv2%2Fcategories&post=986"},{"taxonomy":"post_tag","embeddable":true,"href":"http:\/\/www.anthealein.de\/index.php?rest_route=%2Fwp%2Fv2%2Ftags&post=986"}],"curies":[{"name":"wp","href":"https:\/\/api.w.org\/{rel}","templated":true}]}}