{"id":972,"date":"2010-01-25T20:20:28","date_gmt":"2010-01-25T19:20:28","guid":{"rendered":"http:\/\/www.anthealein.de\/?p=972"},"modified":"2010-01-25T20:20:28","modified_gmt":"2010-01-25T19:20:28","slug":"happy-birthdayyyyyyyyyyyy-to-you","status":"publish","type":"post","link":"http:\/\/www.anthealein.de\/?p=972","title":{"rendered":"Happy Birthdayyyyyyyyyyyy to you :)"},"content":{"rendered":"<p>Herzlichen Gl\u00fcckwunsch S\u00fc\u00dfe \ud83d\ude42   <\/p>\n<p align=\"center\"><a href=\"http:\/\/www.anthealein.de\/wp-content\/uploads\/2010\/01\/25012010i.jpg\"><img loading=\"lazy\" decoding=\"async\" style=\"border-bottom: 0px; border-left: 0px; display: block; float: none; margin-left: auto; border-top: 0px; margin-right: auto; border-right: 0px\" title=\"25012010I\" border=\"0\" alt=\"25012010I\" src=\"http:\/\/www.anthealein.de\/wp-content\/uploads\/2010\/01\/25012010i-thumb.jpg\" width=\"504\" height=\"504\" \/><\/a><\/p>\n<p align=\"left\">Und herzlichen Gl\u00fcckwunsch Sandra *bussi*&#160; <\/p>\n<p align=\"left\">Eindeutig die Woche der Geburtstage. Heute Sandra und Sabine, morgen dann Christian. Jana hat heute schon flei\u00dfig gemalt, ich hab schon flei\u00dfig geputzt und f\u00fcr morgen fr\u00fch hat Jana den Wecker auf 6.30 Uhr gestellt und Papa wurde angewiesen, sich schlafend zu stellen \ud83d\ude09<\/p>\n<p align=\"left\">Bei Lena sind tats\u00e4chlich eeeeeeeeendlich Zahn 3+4 rausgekommen, motzig ist sie aber immer noch *seufz*. Und dann gibt es f\u00fcr sie ja diese Woche noch nicht mal Krankengymnastik wegen Janas Augenarzttermin \ud83d\ude41   <\/p>\n<p align=\"center\"><a href=\"http:\/\/www.anthealein.de\/wp-content\/uploads\/2010\/01\/25012010.jpg\"><img loading=\"lazy\" decoding=\"async\" style=\"border-bottom: 0px; border-left: 0px; display: inline; border-top: 0px; border-right: 0px\" title=\"25012010\" border=\"0\" alt=\"25012010\" src=\"http:\/\/www.anthealein.de\/wp-content\/uploads\/2010\/01\/25012010-thumb.jpg\" width=\"504\" height=\"504\" \/><\/a>     <br \/>Ganz die Mama \ud83d\ude00<\/p>\n","protected":false},"excerpt":{"rendered":"<p>Herzlichen Gl\u00fcckwunsch S\u00fc\u00dfe \ud83d\ude42 Und herzlichen Gl\u00fcckwunsch Sandra *bussi*&#160; Eindeutig die Woche der Geburtstage. Heute Sandra und Sabine, morgen dann Christian. Jana hat heute schon flei\u00dfig gemalt, ich hab schon flei\u00dfig geputzt und f\u00fcr morgen fr\u00fch hat Jana den Wecker auf 6.30 Uhr gestellt und Papa wurde angewiesen, sich schlafend zu stellen \ud83d\ude09 Bei Lena [&hellip;]<\/p>\n","protected":false},"author":1,"featured_media":0,"comment_status":"open","ping_status":"open","sticky":false,"template":"","format":"standard","meta":{"footnotes":""},"categories":[3],"tags":[],"class_list":["post-972","post","type-post","status-publish","format-standard","hentry","category-alles-mogliche"],"_links":{"self":[{"href":"http:\/\/www.anthealein.de\/index.php?rest_route=\/wp\/v2\/posts\/972","targetHints":{"allow":["GET"]}}],"collection":[{"href":"http:\/\/www.anthealein.de\/index.php?rest_route=\/wp\/v2\/posts"}],"about":[{"href":"http:\/\/www.anthealein.de\/index.php?rest_route=\/wp\/v2\/types\/post"}],"author":[{"embeddable":true,"href":"http:\/\/www.anthealein.de\/index.php?rest_route=\/wp\/v2\/users\/1"}],"replies":[{"embeddable":true,"href":"http:\/\/www.anthealein.de\/index.php?rest_route=%2Fwp%2Fv2%2Fcomments&post=972"}],"version-history":[{"count":0,"href":"http:\/\/www.anthealein.de\/index.php?rest_route=\/wp\/v2\/posts\/972\/revisions"}],"wp:attachment":[{"href":"http:\/\/www.anthealein.de\/index.php?rest_route=%2Fwp%2Fv2%2Fmedia&parent=972"}],"wp:term":[{"taxonomy":"category","embeddable":true,"href":"http:\/\/www.anthealein.de\/index.php?rest_route=%2Fwp%2Fv2%2Fcategories&post=972"},{"taxonomy":"post_tag","embeddable":true,"href":"http:\/\/www.anthealein.de\/index.php?rest_route=%2Fwp%2Fv2%2Ftags&post=972"}],"curies":[{"name":"wp","href":"https:\/\/api.w.org\/{rel}","templated":true}]}}