{"id":930,"date":"2010-01-16T20:50:43","date_gmt":"2010-01-16T19:50:43","guid":{"rendered":"http:\/\/www.anthealein.de\/?p=930"},"modified":"2010-01-16T20:50:43","modified_gmt":"2010-01-16T19:50:43","slug":"ikea-tag","status":"publish","type":"post","link":"http:\/\/www.anthealein.de\/?p=930","title":{"rendered":"Ikea-Tag :)"},"content":{"rendered":"<p>Heute morgen \u2013 noch vom Scharlach verschont \u2013 haben wir uns auf den Weg zu Ikea gemacht. F\u00fcr Nico sein Billy-Regal mitgenommen, f\u00fcr Rainer seine Matte (geh\u00f6rt unter den Schreibtischstuhl) und f\u00fcr uns 2 Hasis, Kerzen, Plastikteller und \u2013besteck f\u00fcr Kinder, eine Nachtlampe f\u00fcr Lena, Stifte, Aufbewahrungsbeutel f\u00fcr Spielzeug und 2 Latte-Gl\u00e4ser. Irgendwann sind wir trotz der Menschenmassen \u00fcber Valeska und Olaf gestolpert, da deren Auto dann aber schon voll war, haben wir Billy doch eben bei ihnen vorbei gefahren und zum dank *h\u00fcstel* jede Menge Spielzeug mitgenommen, das von Valeska aussortiert wurde :shock_tb: Im Spielzimmer ist ja auch noch viel zu viel Boden und Wand frei *seufz*<\/p>\n<p>Nu hab ich f\u00fcrs Erste mal wieder genug von Ikea, n\u00e4chstes Mal fahren wir in der Woche, wenn Chris mal Urlaub hat. Jawoll ja.<\/p>\n<p>Heute ein paar Bilder mehr, ich konnte mich nicht wirklich entscheiden \ud83d\ude09<\/p>\n<p><a href=\"http:\/\/www.anthealein.de\/wp-content\/uploads\/2010\/01\/16012010.jpg\"><img loading=\"lazy\" decoding=\"async\" style=\"border-bottom: 0px; border-left: 0px; display: block; float: none; margin-left: auto; border-top: 0px; margin-right: auto; border-right: 0px\" title=\"16012010\" border=\"0\" alt=\"16012010\" src=\"http:\/\/www.anthealein.de\/wp-content\/uploads\/2010\/01\/16012010-thumb.jpg\" width=\"504\" height=\"504\" \/><\/a><\/p>\n<p>&#160;<\/p>\n<p><a href=\"http:\/\/www.anthealein.de\/wp-content\/uploads\/2010\/01\/16012010i.jpg\"><img loading=\"lazy\" decoding=\"async\" style=\"border-bottom: 0px; border-left: 0px; display: block; float: none; margin-left: auto; border-top: 0px; margin-right: auto; border-right: 0px\" title=\"16012010I\" border=\"0\" alt=\"16012010I\" src=\"http:\/\/www.anthealein.de\/wp-content\/uploads\/2010\/01\/16012010i-thumb.jpg\" width=\"504\" height=\"504\" \/><\/a><\/p>\n<p>&#160;<\/p>\n<p align=\"center\"><a href=\"http:\/\/www.anthealein.de\/wp-content\/uploads\/2010\/01\/16012010ii.jpg\"><img loading=\"lazy\" decoding=\"async\" style=\"border-bottom: 0px; border-left: 0px; display: block; float: none; margin-left: auto; border-top: 0px; margin-right: auto; border-right: 0px\" title=\"16012010II\" border=\"0\" alt=\"16012010II\" src=\"http:\/\/www.anthealein.de\/wp-content\/uploads\/2010\/01\/16012010ii-thumb.jpg\" width=\"504\" height=\"504\" \/><\/a><\/p>\n<p align=\"center\">&#160;<\/p>\n<p align=\"center\"><a href=\"http:\/\/www.anthealein.de\/wp-content\/uploads\/2010\/01\/16012010iii.jpg\"><img loading=\"lazy\" decoding=\"async\" style=\"border-bottom: 0px; border-left: 0px; display: block; float: none; margin-left: auto; border-top: 0px; margin-right: auto; border-right: 0px\" title=\"16012010III\" border=\"0\" alt=\"16012010III\" src=\"http:\/\/www.anthealein.de\/wp-content\/uploads\/2010\/01\/16012010iii-thumb.jpg\" width=\"504\" height=\"504\" \/><\/a><\/p>\n<p align=\"center\">&#160;<\/p>\n<p align=\"center\"><a href=\"http:\/\/www.anthealein.de\/wp-content\/uploads\/2010\/01\/16012010iv.jpg\"><img loading=\"lazy\" decoding=\"async\" style=\"border-bottom: 0px; border-left: 0px; display: block; float: none; margin-left: auto; border-top: 0px; margin-right: auto; border-right: 0px\" title=\"16012010IV\" border=\"0\" alt=\"16012010IV\" src=\"http:\/\/www.anthealein.de\/wp-content\/uploads\/2010\/01\/16012010iv-thumb.jpg\" width=\"504\" height=\"504\" \/><\/a><\/p>\n","protected":false},"excerpt":{"rendered":"<p>Heute morgen \u2013 noch vom Scharlach verschont \u2013 haben wir uns auf den Weg zu Ikea gemacht. F\u00fcr Nico sein Billy-Regal mitgenommen, f\u00fcr Rainer seine Matte (geh\u00f6rt unter den Schreibtischstuhl) und f\u00fcr uns 2 Hasis, Kerzen, Plastikteller und \u2013besteck f\u00fcr Kinder, eine Nachtlampe f\u00fcr Lena, Stifte, Aufbewahrungsbeutel f\u00fcr Spielzeug und 2 Latte-Gl\u00e4ser. Irgendwann sind wir [&hellip;]<\/p>\n","protected":false},"author":1,"featured_media":0,"comment_status":"open","ping_status":"open","sticky":false,"template":"","format":"standard","meta":{"footnotes":""},"categories":[3],"tags":[],"class_list":["post-930","post","type-post","status-publish","format-standard","hentry","category-alles-mogliche"],"_links":{"self":[{"href":"http:\/\/www.anthealein.de\/index.php?rest_route=\/wp\/v2\/posts\/930","targetHints":{"allow":["GET"]}}],"collection":[{"href":"http:\/\/www.anthealein.de\/index.php?rest_route=\/wp\/v2\/posts"}],"about":[{"href":"http:\/\/www.anthealein.de\/index.php?rest_route=\/wp\/v2\/types\/post"}],"author":[{"embeddable":true,"href":"http:\/\/www.anthealein.de\/index.php?rest_route=\/wp\/v2\/users\/1"}],"replies":[{"embeddable":true,"href":"http:\/\/www.anthealein.de\/index.php?rest_route=%2Fwp%2Fv2%2Fcomments&post=930"}],"version-history":[{"count":0,"href":"http:\/\/www.anthealein.de\/index.php?rest_route=\/wp\/v2\/posts\/930\/revisions"}],"wp:attachment":[{"href":"http:\/\/www.anthealein.de\/index.php?rest_route=%2Fwp%2Fv2%2Fmedia&parent=930"}],"wp:term":[{"taxonomy":"category","embeddable":true,"href":"http:\/\/www.anthealein.de\/index.php?rest_route=%2Fwp%2Fv2%2Fcategories&post=930"},{"taxonomy":"post_tag","embeddable":true,"href":"http:\/\/www.anthealein.de\/index.php?rest_route=%2Fwp%2Fv2%2Ftags&post=930"}],"curies":[{"name":"wp","href":"https:\/\/api.w.org\/{rel}","templated":true}]}}