{"id":906,"date":"2010-01-12T21:18:25","date_gmt":"2010-01-12T20:18:25","guid":{"rendered":"http:\/\/www.anthealein.de\/?p=906"},"modified":"2010-01-13T21:30:50","modified_gmt":"2010-01-13T20:30:50","slug":"was-fr-ein-tag-umfall","status":"publish","type":"post","link":"http:\/\/www.anthealein.de\/?p=906","title":{"rendered":"Was f\u00fcr ein Tag *umfall*"},"content":{"rendered":"<p>Aber von Anfang an. Heute morgen \u2013 nach einer endlich mal wieder ruhigen Nacht (Zahn 3+4 haben uns die N\u00e4chte davor schwer gemacht) \u2013 hab ich mir direkt Lena geschnappt nach den morgendlichen Aufr\u00e4umarbeiten und bin mit ihr Einkaufen gefahren. Danach Hausputz und als wir um 12.30 Uhr nach unten gingen um Jana und Anna abzuholen, noch alle Kinder verschollen. Ich hab noch einen kurzen Kl\u00f6nschnack mit ein paar anderen M\u00fcttern gehalten und endlich ging die T\u00fcr zum gro\u00dfen Zimmer auf. Aber: nur die gelben und blauen Kinder kamen da raus :unsure:<\/p>\n<p>Nach kurzer Nachfrage wurde klar, das die roten Kinder im Kl\u00f6nzimmer waren, weil es einen Unfall gab inkl. Notarzt und RTW und diese Kinder halt noch sehr aufgew\u00fchlt waren. Also dort rein, ein Junge aus Janas Gruppe ist \u00fcber einen Puppenstuhl gefallen und war danach nicht ansprechbar und bekam keine Luft. Die Kinder nat\u00fcrlich alle komplett durch den Wind. Also hab ich Christina (Janas Kinderg\u00e4rtnerin) nur kurz gefragt, was es denn mit dem \u201cSchule spielen\u201d auf sich h\u00e4tte. Ja, morgen w\u00e4re Differenzierungsprobe, sie h\u00e4tte mir aber keinen Zettel ins Fach gelegt weil Jana ja eh immer fr\u00fchmorgens da w\u00e4re :shock_tb:<\/p>\n<p>Ich hab dann Jana und Anna mit nach oben genommen und kam aus dem Staunen nicht raus, weil: die beiden haben sich tats\u00e4chlich ohne Zicken, ohne \u201cKaaaaaaaaarin, Jana macht\/tut\/l\u00e4sst mich nicht\u201d, ohne \u201cMaaaaaaaaaaamaaaaaaaaaa, Anna macht\/tut\/will nicht\u201d f\u00fcr ganze 3,5 Stunden besch\u00e4ftigt bis Kerstin kam um Anna abzuholen. Lena war weniger gn\u00e4dig mit mir *seufz*.<\/p>\n<p>Als Kerstin kam, haben wir erst mal in Ruhe Kaffee getrunken und w\u00e4hrend Lena mit Kerstin frei laufen \u00fcbte (*grummel* wieso nicht bei mir?) und die gro\u00dfen Zwerge Kerstin Zaubertricks vorf\u00fchrten, durfte ich laaaaaaaaaange den Knetkram aufr\u00e4umen. N\u00e4chstes Mal nehme ich einfach einen M\u00fcllbeutel *schimpf*.<\/p>\n<p>Dann noch Essen machen mit Chris, aufr\u00e4umen, die Kinder ins Bett bringen und endlich: Feiiiiiiiiiierabend :klapp:<\/p>\n<p>Ach ja und wieder ein neues Wort bei Lena: \u201cWorscht\u201d *seufz* Aber das mit Papa und Mama m\u00fcssen wir ihr noch richtig beibringen. Grunds\u00e4tzlich ist alles erst mal Papa (inkl. mir). Vorhin jedoch, als ich sie aus dem Wohnzimmer schleppte um sie auszuziehen streckte sie die Arme nach Chris aus und rief flehend \u201cMamaaaaaaaaaaa\u201d. *lach*<\/p>\n<p align=\"center\"><a href=\"http:\/\/www.anthealein.de\/wp-content\/uploads\/2010\/01\/12012010.jpg\"><img loading=\"lazy\" decoding=\"async\" style=\"border-bottom: 0px; border-left: 0px; display: inline; border-top: 0px; border-right: 0px\" title=\"12012010\" src=\"http:\/\/www.anthealein.de\/wp-content\/uploads\/2010\/01\/12012010-thumb.jpg\" border=\"0\" alt=\"12012010\" width=\"337\" height=\"504\" \/><\/a><\/p>\n","protected":false},"excerpt":{"rendered":"<p>Aber von Anfang an. Heute morgen \u2013 nach einer endlich mal wieder ruhigen Nacht (Zahn 3+4 haben uns die N\u00e4chte davor schwer gemacht) \u2013 hab ich mir direkt Lena geschnappt nach den morgendlichen Aufr\u00e4umarbeiten und bin mit ihr Einkaufen gefahren. Danach Hausputz und als wir um 12.30 Uhr nach unten gingen um Jana und Anna [&hellip;]<\/p>\n","protected":false},"author":1,"featured_media":0,"comment_status":"open","ping_status":"open","sticky":false,"template":"","format":"standard","meta":{"footnotes":""},"categories":[3],"tags":[],"class_list":["post-906","post","type-post","status-publish","format-standard","hentry","category-alles-mogliche"],"_links":{"self":[{"href":"http:\/\/www.anthealein.de\/index.php?rest_route=\/wp\/v2\/posts\/906","targetHints":{"allow":["GET"]}}],"collection":[{"href":"http:\/\/www.anthealein.de\/index.php?rest_route=\/wp\/v2\/posts"}],"about":[{"href":"http:\/\/www.anthealein.de\/index.php?rest_route=\/wp\/v2\/types\/post"}],"author":[{"embeddable":true,"href":"http:\/\/www.anthealein.de\/index.php?rest_route=\/wp\/v2\/users\/1"}],"replies":[{"embeddable":true,"href":"http:\/\/www.anthealein.de\/index.php?rest_route=%2Fwp%2Fv2%2Fcomments&post=906"}],"version-history":[{"count":2,"href":"http:\/\/www.anthealein.de\/index.php?rest_route=\/wp\/v2\/posts\/906\/revisions"}],"predecessor-version":[{"id":912,"href":"http:\/\/www.anthealein.de\/index.php?rest_route=\/wp\/v2\/posts\/906\/revisions\/912"}],"wp:attachment":[{"href":"http:\/\/www.anthealein.de\/index.php?rest_route=%2Fwp%2Fv2%2Fmedia&parent=906"}],"wp:term":[{"taxonomy":"category","embeddable":true,"href":"http:\/\/www.anthealein.de\/index.php?rest_route=%2Fwp%2Fv2%2Fcategories&post=906"},{"taxonomy":"post_tag","embeddable":true,"href":"http:\/\/www.anthealein.de\/index.php?rest_route=%2Fwp%2Fv2%2Ftags&post=906"}],"curies":[{"name":"wp","href":"https:\/\/api.w.org\/{rel}","templated":true}]}}