{"id":897,"date":"2010-01-11T21:11:15","date_gmt":"2010-01-11T20:11:15","guid":{"rendered":"http:\/\/www.anthealein.de\/?p=897"},"modified":"2010-01-11T21:11:51","modified_gmt":"2010-01-11T20:11:51","slug":"kindergartenplanungsverwirrung","status":"publish","type":"post","link":"http:\/\/www.anthealein.de\/?p=897","title":{"rendered":"Kindergartenplanungsverwirrung\u2026"},"content":{"rendered":"<p>Samstag schon erz\u00e4hlte Kerstin, das die Kinder Montags ganz fr\u00fch schon um 8.30 Uhr (Fr\u00fch? *g*) im Kiga sein m\u00fcssten, weil irgendeine \u00dcberpr\u00fcfung der Schulqualit\u00e4ten oder so stattfinden w\u00fcrde. Den Kindern w\u00fcrde aber gesagt werden, das sie Schule \u201cspielen\u201d *kopfkratz*. Heute kam Jana also wieder und n\u00fcscht war. Kerstin und ich telefonierten dann, weil Anna morgen nach dem Kiga mit hoch kommt und sie wusste auch von nichts, sagte jedoch auf dem Zettel h\u00e4tte Montag, Dienstag (durchgestrichen) und Mittwoch gestanden. Zettel???! Welcher Zettel? Ich hab nix bekommen. <\/p>\n<p>Also mir fix die Kinder geschnappt (Alina war zu Besuch) und gefragt, ob sie denn heute Schule gespielt h\u00e4tten. Alina h\u00e4tte, kam die Antwort. W\u00e4re aber alles ganz einfach. Wenn heute also Alina dran war und nur sie, k\u00f6nnen schlecht morgen und Mittwoch die restlichen Kinder abgegrast werden. Ich gehe mal davon aus, das ich dann f\u00fcr Jana den Zettel n\u00e4chste Woche bekomme oder so *schulterzuck* Ich werde morgen aber trotzdem mal nachfragen, weil ich Jana evtl. Mittwoch gar nicht in den Kiga schicken wollte (Jana wollte doch wenigstens einmal mit zu Lenas Krankengymnastik und wir haben nur noch 2x). <\/p>\n<p>Was ein Chaos :shock_tb:<\/p>\n<p><a href=\"http:\/\/www.anthealein.de\/wp-content\/uploads\/2010\/01\/11012010.jpg\"><img loading=\"lazy\" decoding=\"async\" style=\"border-bottom: 0px; border-left: 0px; display: block; float: none; margin-left: auto; border-top: 0px; margin-right: auto; border-right: 0px\" title=\"11012010\" border=\"0\" alt=\"11012010\" src=\"http:\/\/www.anthealein.de\/wp-content\/uploads\/2010\/01\/11012010-thumb.jpg\" width=\"504\" height=\"504\" \/><\/a><\/p>\n","protected":false},"excerpt":{"rendered":"<p>Samstag schon erz\u00e4hlte Kerstin, das die Kinder Montags ganz fr\u00fch schon um 8.30 Uhr (Fr\u00fch? *g*) im Kiga sein m\u00fcssten, weil irgendeine \u00dcberpr\u00fcfung der Schulqualit\u00e4ten oder so stattfinden w\u00fcrde. Den Kindern w\u00fcrde aber gesagt werden, das sie Schule \u201cspielen\u201d *kopfkratz*. Heute kam Jana also wieder und n\u00fcscht war. Kerstin und ich telefonierten dann, weil Anna [&hellip;]<\/p>\n","protected":false},"author":1,"featured_media":0,"comment_status":"open","ping_status":"open","sticky":false,"template":"","format":"standard","meta":{"footnotes":""},"categories":[3],"tags":[],"class_list":["post-897","post","type-post","status-publish","format-standard","hentry","category-alles-mogliche"],"_links":{"self":[{"href":"http:\/\/www.anthealein.de\/index.php?rest_route=\/wp\/v2\/posts\/897","targetHints":{"allow":["GET"]}}],"collection":[{"href":"http:\/\/www.anthealein.de\/index.php?rest_route=\/wp\/v2\/posts"}],"about":[{"href":"http:\/\/www.anthealein.de\/index.php?rest_route=\/wp\/v2\/types\/post"}],"author":[{"embeddable":true,"href":"http:\/\/www.anthealein.de\/index.php?rest_route=\/wp\/v2\/users\/1"}],"replies":[{"embeddable":true,"href":"http:\/\/www.anthealein.de\/index.php?rest_route=%2Fwp%2Fv2%2Fcomments&post=897"}],"version-history":[{"count":1,"href":"http:\/\/www.anthealein.de\/index.php?rest_route=\/wp\/v2\/posts\/897\/revisions"}],"predecessor-version":[{"id":898,"href":"http:\/\/www.anthealein.de\/index.php?rest_route=\/wp\/v2\/posts\/897\/revisions\/898"}],"wp:attachment":[{"href":"http:\/\/www.anthealein.de\/index.php?rest_route=%2Fwp%2Fv2%2Fmedia&parent=897"}],"wp:term":[{"taxonomy":"category","embeddable":true,"href":"http:\/\/www.anthealein.de\/index.php?rest_route=%2Fwp%2Fv2%2Fcategories&post=897"},{"taxonomy":"post_tag","embeddable":true,"href":"http:\/\/www.anthealein.de\/index.php?rest_route=%2Fwp%2Fv2%2Ftags&post=897"}],"curies":[{"name":"wp","href":"https:\/\/api.w.org\/{rel}","templated":true}]}}