{"id":865,"date":"2010-01-03T21:41:35","date_gmt":"2010-01-03T20:41:35","guid":{"rendered":"http:\/\/www.anthealein.de\/?p=865"},"modified":"2010-01-11T21:12:26","modified_gmt":"2010-01-11T20:12:26","slug":"gott-bin-ich-froh","status":"publish","type":"post","link":"http:\/\/www.anthealein.de\/?p=865","title":{"rendered":"Gott, bin ich froh \u2026"},"content":{"rendered":"<p>\u2026 wenn morgen der Kindergarten wieder los geht. Die ersten paar Tage ging es ja noch, aber inzwischen leiden die Zwerge allesamt eindeutig unter Besch\u00e4ftigungsmangel. Irgendwann heute hatten Chris und ich dann genug, haben uns alle dick eingepackt und den Tannenbaum zur n\u00e4chstgelegenen Schule geschleppt und sind dann sch\u00f6n gem\u00fctlich am Bontekai entlang wieder nach Hause gewandert \ud83d\ude42<\/p>\n<p>&#160;<\/p>\n<p><a href=\"http:\/\/www.anthealein.de\/wp-content\/uploads\/2010\/01\/03012010.jpg\"><img loading=\"lazy\" decoding=\"async\" style=\"border-bottom: 0px; border-left: 0px; display: block; float: none; margin-left: auto; border-top: 0px; margin-right: auto; border-right: 0px\" title=\"03012010\" border=\"0\" alt=\"03012010\" src=\"http:\/\/www.anthealein.de\/wp-content\/uploads\/2010\/01\/03012010-thumb.jpg\" width=\"504\" height=\"504\" \/><\/a><\/p>\n","protected":false},"excerpt":{"rendered":"<p>\u2026 wenn morgen der Kindergarten wieder los geht. Die ersten paar Tage ging es ja noch, aber inzwischen leiden die Zwerge allesamt eindeutig unter Besch\u00e4ftigungsmangel. Irgendwann heute hatten Chris und ich dann genug, haben uns alle dick eingepackt und den Tannenbaum zur n\u00e4chstgelegenen Schule geschleppt und sind dann sch\u00f6n gem\u00fctlich am Bontekai entlang wieder nach [&hellip;]<\/p>\n","protected":false},"author":1,"featured_media":0,"comment_status":"open","ping_status":"open","sticky":false,"template":"","format":"standard","meta":{"footnotes":""},"categories":[3],"tags":[],"class_list":["post-865","post","type-post","status-publish","format-standard","hentry","category-alles-mogliche"],"_links":{"self":[{"href":"http:\/\/www.anthealein.de\/index.php?rest_route=\/wp\/v2\/posts\/865","targetHints":{"allow":["GET"]}}],"collection":[{"href":"http:\/\/www.anthealein.de\/index.php?rest_route=\/wp\/v2\/posts"}],"about":[{"href":"http:\/\/www.anthealein.de\/index.php?rest_route=\/wp\/v2\/types\/post"}],"author":[{"embeddable":true,"href":"http:\/\/www.anthealein.de\/index.php?rest_route=\/wp\/v2\/users\/1"}],"replies":[{"embeddable":true,"href":"http:\/\/www.anthealein.de\/index.php?rest_route=%2Fwp%2Fv2%2Fcomments&post=865"}],"version-history":[{"count":2,"href":"http:\/\/www.anthealein.de\/index.php?rest_route=\/wp\/v2\/posts\/865\/revisions"}],"predecessor-version":[{"id":900,"href":"http:\/\/www.anthealein.de\/index.php?rest_route=\/wp\/v2\/posts\/865\/revisions\/900"}],"wp:attachment":[{"href":"http:\/\/www.anthealein.de\/index.php?rest_route=%2Fwp%2Fv2%2Fmedia&parent=865"}],"wp:term":[{"taxonomy":"category","embeddable":true,"href":"http:\/\/www.anthealein.de\/index.php?rest_route=%2Fwp%2Fv2%2Fcategories&post=865"},{"taxonomy":"post_tag","embeddable":true,"href":"http:\/\/www.anthealein.de\/index.php?rest_route=%2Fwp%2Fv2%2Ftags&post=865"}],"curies":[{"name":"wp","href":"https:\/\/api.w.org\/{rel}","templated":true}]}}