{"id":854,"date":"2009-10-01T21:39:48","date_gmt":"2009-10-01T19:39:48","guid":{"rendered":"http:\/\/www.anthealein.de\/?p=854"},"modified":"2009-10-01T21:39:48","modified_gmt":"2009-10-01T19:39:48","slug":"pfeif","status":"publish","type":"post","link":"http:\/\/www.anthealein.de\/?p=854","title":{"rendered":"*Pfeif*"},"content":{"rendered":"<p>Wollte ich mich bessern? N\u00f6, oder? <\/p>\n<p>Aber ihr m\u00fcsst zugeben, die Zeit rennt. N\u00e4chste Woche feiert Lena ihren 1. Geburtstag und die ersten Weihnachtsgeschenke f\u00fcr die Kinder hab ich auch schon organisiert. Kastanien wurden in Massen gesammelt, mein T\u00f6ff ist bereit f\u00fcr den Winter und Gedanken \u00fcber Adventskalender hab ich mir auch schon gemacht. <\/p>\n<p>Zucker hab ich nicht, abgenommen die letzten Wochen zum Gl\u00fcck auch nicht. Kranke M\u00e4nner sind gut f\u00fcrs Gewicht halten *g*. Also alles gut. Ergebnisse von Lena sind noch nicht da, aber wir wollen n\u00e4chsten Donnerstag mal zur Osteopathin mit ihr. Schaden kann es nicht und vielleicht ist ja doch irgendwo eine Blockade. Krabbeln&#160; oder auch nur den Vierf\u00fc\u00dfler kann sie immer noch nicht, Z\u00e4hne bekommt sie gerade endlich (*h\u00fcstel* das behaupte ich schon seit 6 Monaten). <\/p>\n<p>Ich werde dann vielleicht\/hoffentlich n\u00e4chste Woche berichten \ud83d\ude09<\/p>\n<p align=\"center\"><a href=\"http:\/\/ihre-http:\/\/www.digishoptalk.com\/gallery\/showphoto.php?photo=776982\" target=\"_blank\"><img loading=\"lazy\" decoding=\"async\" style=\"border-bottom: 0px; border-left: 0px; display: inline; border-top: 0px; border-right: 0px\" title=\"desires\" border=\"0\" alt=\"desires\" src=\"http:\/\/www.anthealein.de\/wp-content\/uploads\/2009\/10\/desires.jpg\" width=\"504\" height=\"504\" \/><\/a><\/p>\n","protected":false},"excerpt":{"rendered":"<p>Wollte ich mich bessern? N\u00f6, oder? Aber ihr m\u00fcsst zugeben, die Zeit rennt. N\u00e4chste Woche feiert Lena ihren 1. Geburtstag und die ersten Weihnachtsgeschenke f\u00fcr die Kinder hab ich auch schon organisiert. Kastanien wurden in Massen gesammelt, mein T\u00f6ff ist bereit f\u00fcr den Winter und Gedanken \u00fcber Adventskalender hab ich mir auch schon gemacht. Zucker [&hellip;]<\/p>\n","protected":false},"author":1,"featured_media":0,"comment_status":"open","ping_status":"open","sticky":false,"template":"","format":"standard","meta":{"footnotes":""},"categories":[3],"tags":[],"class_list":["post-854","post","type-post","status-publish","format-standard","hentry","category-alles-mogliche"],"_links":{"self":[{"href":"http:\/\/www.anthealein.de\/index.php?rest_route=\/wp\/v2\/posts\/854","targetHints":{"allow":["GET"]}}],"collection":[{"href":"http:\/\/www.anthealein.de\/index.php?rest_route=\/wp\/v2\/posts"}],"about":[{"href":"http:\/\/www.anthealein.de\/index.php?rest_route=\/wp\/v2\/types\/post"}],"author":[{"embeddable":true,"href":"http:\/\/www.anthealein.de\/index.php?rest_route=\/wp\/v2\/users\/1"}],"replies":[{"embeddable":true,"href":"http:\/\/www.anthealein.de\/index.php?rest_route=%2Fwp%2Fv2%2Fcomments&post=854"}],"version-history":[{"count":0,"href":"http:\/\/www.anthealein.de\/index.php?rest_route=\/wp\/v2\/posts\/854\/revisions"}],"wp:attachment":[{"href":"http:\/\/www.anthealein.de\/index.php?rest_route=%2Fwp%2Fv2%2Fmedia&parent=854"}],"wp:term":[{"taxonomy":"category","embeddable":true,"href":"http:\/\/www.anthealein.de\/index.php?rest_route=%2Fwp%2Fv2%2Fcategories&post=854"},{"taxonomy":"post_tag","embeddable":true,"href":"http:\/\/www.anthealein.de\/index.php?rest_route=%2Fwp%2Fv2%2Ftags&post=854"}],"curies":[{"name":"wp","href":"https:\/\/api.w.org\/{rel}","templated":true}]}}