{"id":822,"date":"2009-09-10T23:26:33","date_gmt":"2009-09-10T21:26:33","guid":{"rendered":"http:\/\/www.anthealein.de\/?p=822"},"modified":"2009-09-10T23:28:53","modified_gmt":"2009-09-10T21:28:53","slug":"danke-gordon","status":"publish","type":"post","link":"http:\/\/www.anthealein.de\/?p=822","title":{"rendered":"Danke Gordon\u2026"},"content":{"rendered":"<p>Da hat mir doch gerade ein alter Klassenkamerad eine Nachricht auf meiner Pinnwand bei MeinVZ hinterlassen und mich damit daran erinnert, das hier doch noch was war\u2026 Ach ja, ich wollte wieder \u00f6fter bloggen!<\/p>\n<p>Aber wie zum Geier soll man zwischen einem Mann mit gebrochenem Arm (im Flur ausgerutscht und das Radiusk\u00f6pfchen im Ellenbogen angebrochen), jeder Menge Hausarbeit, ganz viel Freundesbesuchen und dem ganzen Einkaufen auch noch bloggen?\u00a0 Aber jetzt, jawoll ja!<\/p>\n<p>Die letzten Wochen hat sich hier au\u00dfer dem kranken Mann nicht sooooooooo viel getan. Wobei krank ja auch mal wieder mein Stichwort ist. Letztens ist tats\u00e4chlich eine Bekannte einfach an mir vorbei gelaufen (3 Jahre nicht gesehen), weil sie mich nicht erkannt hat :shock_tb: Ich hab schon wieder 5 kg weniger als vor der Schwangerschaft mit Lena, insgesamt seit Janas Geburt also 60 kg verloren. So wenig hab ich das letzte Mal mit 14 Jahren gewogen. Nun gab mir eine bei der SF den Tipp mal meinen Zuckerwert testen zu lassen, weil man bei Diabetes nicht nur zu- sondern auch abnehmen k\u00f6nnte (DAS wusste ich noch nicht) *seufz*\u2026 Will ich schon seit Tagen mal in der Apotheke machen lassen, schaffe ich aber auch irgendwie nicht. Google spuckt aus das die Kombi Diabetes + MS wohl sehr h\u00e4ufig vorkommt. Wenn\u2019s denn so w\u00e4re, w\u00fcrde ich halt ein paarmal mehr am Tag spritzen *schulternzuck*\u2026 Nicht nur das bloggen vernachl\u00e4ssige ich also *mirselbstindenHinterntret*<\/p>\n<p>Lena macht immer noch keine Anstalten sich selbst hinzusetzen, den Vierf\u00fc\u00dfler zu \u00fcben oder gar zu krabbeln. Blut wurde abgenommen, nun warten wir auf die Ergebnisse. Z\u00e4hne hat die kleine Ziege allerdings auch noch keine.\u00a0 Sie ist immer noch ein Papakind und immer noch ein kleiner Vielfra\u00df, stur wie ein Esel und sobald sie irgendwo Wasser rauschen h\u00f6rt ist sie zur Stelle und macht einen Megaaufstand wenn sie merkt, das sie nicht mitplanschen darf. Himmel hilf, auf DIE Trotzphase die da mal kommt freu ich mich ja jetzt schon *ironieoff*<\/p>\n<p>Jana ist derweil gl\u00fccklich in der roten Gruppe im Kiga angekommen, auch wenn Justin jetzt wieder mit in ihrer Gruppe ist. Montag war da Zickenterror angesagt, weil Alina, Anna und Jana sich darum stritten, wen Jack denn nu am liebsten h\u00e4tte. Ende der Geschichte war, das die 3 M\u00e4dels nicht mehr miteinander spielen und reden wollten. Daf\u00fcr sollte Jack dann nachmittags zu uns kommen und nachdem ich das mit seiner Mutter abgesprochen hatte, drehte meine 5,5 Jahre alte Tochter hier am Rad. Erst rannte sie an mir vorbei um sich umzuziehen (schick komplett in rosa), dann klaute sie mein Parf\u00fcm und machte sich die Haare und schlussendlich lief sie \u201czu viel\u201d murmelnd an mir vorbei ins Bad, um sich den Lippenstift wieder abzuwischen *piepvogelzeig* Ich schw\u00f6re, DAS hat sie NICHT von mir. SO bescheuert hab ich mich nicht mal in der Pubert\u00e4t benommen, geschweige denn schon in DEM Alter! Sisterchen fand das nat\u00fcrlich mal wieder lustig, ich hingegen frage mich immer, wer mir diese M\u00e4dels untergejubelt hat. Meine k\u00f6nnen die beide nicht sein, nene.<\/p>\n<p>Gescrappt hatte ich auch die Tage mal wieder, aber Anno fesselt mich immer noch mehr, zumal meine Kamera spinnt und nicht wirklich sch\u00f6ne Bilder macht die letzten Wochen:<\/p>\n<p align=\"center\"><a href=\"http:\/\/www.digishoptalk.com\/gallery\/showphoto.php?photo=753257&amp;cat=all&amp;ppuser=8489\"><img loading=\"lazy\" decoding=\"async\" style=\"border-bottom: 0px; border-left: 0px; display: inline; border-top: 0px; border-right: 0px\" title=\"sweetest\" src=\"http:\/\/www.anthealein.de\/wp-content\/uploads\/2009\/09\/sweetest.jpg\" border=\"0\" alt=\"sweetest\" width=\"504\" height=\"504\" \/><\/a><\/p>\n","protected":false},"excerpt":{"rendered":"<p>Da hat mir doch gerade ein alter Klassenkamerad eine Nachricht auf meiner Pinnwand bei MeinVZ hinterlassen und mich damit daran erinnert, das hier doch noch was war\u2026 Ach ja, ich wollte wieder \u00f6fter bloggen! Aber wie zum Geier soll man zwischen einem Mann mit gebrochenem Arm (im Flur ausgerutscht und das Radiusk\u00f6pfchen im Ellenbogen angebrochen), [&hellip;]<\/p>\n","protected":false},"author":1,"featured_media":0,"comment_status":"open","ping_status":"open","sticky":false,"template":"","format":"standard","meta":{"footnotes":""},"categories":[3,4],"tags":[],"class_list":["post-822","post","type-post","status-publish","format-standard","hentry","category-alles-mogliche","category-scraps-und-co"],"_links":{"self":[{"href":"http:\/\/www.anthealein.de\/index.php?rest_route=\/wp\/v2\/posts\/822","targetHints":{"allow":["GET"]}}],"collection":[{"href":"http:\/\/www.anthealein.de\/index.php?rest_route=\/wp\/v2\/posts"}],"about":[{"href":"http:\/\/www.anthealein.de\/index.php?rest_route=\/wp\/v2\/types\/post"}],"author":[{"embeddable":true,"href":"http:\/\/www.anthealein.de\/index.php?rest_route=\/wp\/v2\/users\/1"}],"replies":[{"embeddable":true,"href":"http:\/\/www.anthealein.de\/index.php?rest_route=%2Fwp%2Fv2%2Fcomments&post=822"}],"version-history":[{"count":2,"href":"http:\/\/www.anthealein.de\/index.php?rest_route=\/wp\/v2\/posts\/822\/revisions"}],"predecessor-version":[{"id":823,"href":"http:\/\/www.anthealein.de\/index.php?rest_route=\/wp\/v2\/posts\/822\/revisions\/823"}],"wp:attachment":[{"href":"http:\/\/www.anthealein.de\/index.php?rest_route=%2Fwp%2Fv2%2Fmedia&parent=822"}],"wp:term":[{"taxonomy":"category","embeddable":true,"href":"http:\/\/www.anthealein.de\/index.php?rest_route=%2Fwp%2Fv2%2Fcategories&post=822"},{"taxonomy":"post_tag","embeddable":true,"href":"http:\/\/www.anthealein.de\/index.php?rest_route=%2Fwp%2Fv2%2Ftags&post=822"}],"curies":[{"name":"wp","href":"https:\/\/api.w.org\/{rel}","templated":true}]}}