{"id":805,"date":"2009-06-02T22:06:28","date_gmt":"2009-06-02T20:06:28","guid":{"rendered":"http:\/\/www.anthealein.de\/?p=805"},"modified":"2009-06-02T22:08:53","modified_gmt":"2009-06-02T20:08:53","slug":"umzug-vorbei","status":"publish","type":"post","link":"http:\/\/www.anthealein.de\/?p=805","title":{"rendered":"Umzug vorbei\u2026"},"content":{"rendered":"<p>\u2026und wir leben noch *g*. Fr\u00fch morgens am Samstag fing der Tag schon gut an mit einer kaputten Arbeitsplatte in der K\u00fcche. Peter (mit Kuchen seiner Frau), Rolf, Marc und Sandra 2, Schwiegereltern mit Jana und Salaten, Ralf, Thorsten und Valeska trudelten nach und nach ein und das gro\u00dfe Hochschleppen konnte losgehen. 4 Leute mussten noch absagen, aber auch so waren wir mehr als genug. Chris fuhr dann mit seinem Pa los, eine neue Arbeitsplatte holen und w\u00e4hrend Schwiema die K\u00fcchenschr\u00e4nke schrubbte (hatte ich Freitag nicht mehr geschafft) und die gro\u00dfe Sintflut im Flur spielte (ne, Laminat mag Wasserfluten aus einem vollem Putzeimer nicht wirklich), Valeska die Kinder h\u00fctete und Rolf und Peter sich mit der K\u00fcche vergn\u00fcgten, haben Sandra und ich die Kartons gleich wieder ausger\u00e4umt. Marc schleppte alles was geschleppt werden musste durch die Gegend, Ralf und Thorsten waren ein gutes Team im Schlafzimmer und allgemein lief alles wie am Schn\u00fcrchen. <\/p>\n<p>&#160;<\/p>\n<p>Bis \u2013 ja bis \u2013 die Arbeitsplatte kam *g*. Die M\u00e4nner schafften Samstag nicht mehr, sich zu einigen, wie und wo welche L\u00f6cher mit welchen Ausma\u00dfen ausges\u00e4gt werden m\u00fcssten aus der neuen Platte und so ging der Samstag zu Ende mit einer fast fertigen Wohnung und einer chaotischen K\u00fcche. Sonntag kamen dann Rolf, Peter und Thorsten (die K\u00fcchen-Crew) noch mal und bekamen schlie\u00dflich auch das Sorgenkind hin.<\/p>\n<p>&#160;<\/p>\n<p>Und nu? Katze hat sich nach argem Gejaule an die neue Wohnung gew\u00f6hnt, Lena schl\u00e4ft in ihrem Zimmer besser als bei uns, Jana liebt \u201cihre\u201d Zimmer, ich hab die 3 Tage ohne I-Net \u00fcberlebt und hier sind nur noch Kleinigkeiten (Bilder aufh\u00e4ngen, Ablage im Badezimmer, Leisten im Flur) zu erledigen. <\/p>\n<p>&#160;<\/p>\n<p>F\u00fcrs Schwesterchen hab ich ein Video gemacht, die Qualit\u00e4t ist nicht so toll und die Kommentare sind nat\u00fcrlich eher f\u00fcrs Schwesterherz gedacht, aber wer schauen mag\u2026<\/p>\n<p align=\"center\">&#160;<\/p>\n<div class=\"wlWriterEditableSmartContent\" id=\"scid:5737277B-5D6D-4f48-ABFC-DD9C333F4C5D:06ecc74e-be10-44f6-8eda-f22fa8c2dc88\" style=\"padding-right: 0px; display: block; padding-left: 0px; float: none; padding-bottom: 0px; margin-left: auto; width: 425px; margin-right: auto; padding-top: 0px\">\n<div><object width=\"425\" height=\"355\"><param name=\"movie\" value=\"http:\/\/www.youtube.com\/v\/9EMCPTt1JHE&amp;hl=en\"><\/param><embed src=\"http:\/\/www.youtube.com\/v\/9EMCPTt1JHE&amp;hl=en\" type=\"application\/x-shockwave-flash\" width=\"425\" height=\"355\"><\/embed><\/object><\/div>\n<\/div>\n","protected":false},"excerpt":{"rendered":"<p>\u2026und wir leben noch *g*. Fr\u00fch morgens am Samstag fing der Tag schon gut an mit einer kaputten Arbeitsplatte in der K\u00fcche. Peter (mit Kuchen seiner Frau), Rolf, Marc und Sandra 2, Schwiegereltern mit Jana und Salaten, Ralf, Thorsten und Valeska trudelten nach und nach ein und das gro\u00dfe Hochschleppen konnte losgehen. 4 Leute mussten [&hellip;]<\/p>\n","protected":false},"author":1,"featured_media":0,"comment_status":"open","ping_status":"open","sticky":false,"template":"","format":"standard","meta":{"footnotes":""},"categories":[7],"tags":[],"class_list":["post-805","post","type-post","status-publish","format-standard","hentry","category-renovierung"],"_links":{"self":[{"href":"http:\/\/www.anthealein.de\/index.php?rest_route=\/wp\/v2\/posts\/805","targetHints":{"allow":["GET"]}}],"collection":[{"href":"http:\/\/www.anthealein.de\/index.php?rest_route=\/wp\/v2\/posts"}],"about":[{"href":"http:\/\/www.anthealein.de\/index.php?rest_route=\/wp\/v2\/types\/post"}],"author":[{"embeddable":true,"href":"http:\/\/www.anthealein.de\/index.php?rest_route=\/wp\/v2\/users\/1"}],"replies":[{"embeddable":true,"href":"http:\/\/www.anthealein.de\/index.php?rest_route=%2Fwp%2Fv2%2Fcomments&post=805"}],"version-history":[{"count":1,"href":"http:\/\/www.anthealein.de\/index.php?rest_route=\/wp\/v2\/posts\/805\/revisions"}],"predecessor-version":[{"id":806,"href":"http:\/\/www.anthealein.de\/index.php?rest_route=\/wp\/v2\/posts\/805\/revisions\/806"}],"wp:attachment":[{"href":"http:\/\/www.anthealein.de\/index.php?rest_route=%2Fwp%2Fv2%2Fmedia&parent=805"}],"wp:term":[{"taxonomy":"category","embeddable":true,"href":"http:\/\/www.anthealein.de\/index.php?rest_route=%2Fwp%2Fv2%2Fcategories&post=805"},{"taxonomy":"post_tag","embeddable":true,"href":"http:\/\/www.anthealein.de\/index.php?rest_route=%2Fwp%2Fv2%2Ftags&post=805"}],"curies":[{"name":"wp","href":"https:\/\/api.w.org\/{rel}","templated":true}]}}