{"id":797,"date":"2009-05-18T22:33:25","date_gmt":"2009-05-18T20:33:25","guid":{"rendered":"http:\/\/www.anthealein.de\/?p=797"},"modified":"2009-05-26T11:51:35","modified_gmt":"2009-05-26T09:51:35","slug":"renovierung-die-xte","status":"publish","type":"post","link":"http:\/\/www.anthealein.de\/?p=797","title":{"rendered":"Renovierung die xte :)"},"content":{"rendered":"<p>Samstag war es dann also soweit, volles Haus und kurzfristig umdisponiert: Laminat nicht nur in den Fluren und in Janas Zimmern zu legen, sondern auch in der K\u00fcche und im Wohnzimmer. Sandra und ich haben unten f\u00fcrs leibliche Wohl gesorgt und die Kinder bespa\u00dft (mehr Sandra als ich), der Rest hat oben geackert und Siggi durfte sich kreativ bet\u00e4tigen und Farbakzente in die Zimmer legen \ud83d\ude09<\/p>\n<p>&#160;<\/p>\n<p><img loading=\"lazy\" decoding=\"async\" title=\"wohnungmai203\" style=\"border-right: 0px; border-top: 0px; display: block; float: none; margin-left: auto; border-left: 0px; margin-right: auto; border-bottom: 0px\" height=\"364\" alt=\"wohnungmai203\" src=\"http:\/\/www.anthealein.de\/wp-content\/uploads\/2009\/05\/wohnungmai203.jpg\" width=\"484\" border=\"0\" \/> <\/p>\n<p align=\"center\">Der Flur wird Donnerstag fertig gemacht<\/p>\n<p>&#160;<\/p>\n<p align=\"center\"><img loading=\"lazy\" decoding=\"async\" title=\"wohnungmai207\" style=\"border-right: 0px; border-top: 0px; display: inline; border-left: 0px; border-bottom: 0px\" height=\"364\" alt=\"wohnungmai207\" src=\"http:\/\/www.anthealein.de\/wp-content\/uploads\/2009\/05\/wohnungmai207.jpg\" width=\"484\" border=\"0\" \/> <\/p>\n<p align=\"center\">Schlafzimmer, nur die Teppichleisten fehlen noch \u00fcberall und die Fensterrahmen m\u00fcssen auf der Seite noch alle geschrubbt werden.<\/p>\n<p align=\"center\">&#160;<\/p>\n<p align=\"center\"><img loading=\"lazy\" decoding=\"async\" title=\"wohnungmai204\" style=\"border-right: 0px; border-top: 0px; display: inline; border-left: 0px; border-bottom: 0px\" height=\"364\" alt=\"wohnungmai204\" src=\"http:\/\/www.anthealein.de\/wp-content\/uploads\/2009\/05\/wohnungmai204.jpg\" width=\"484\" border=\"0\" \/>&#160;<\/p>\n<p align=\"center\">Janas Zimmer, die eine Wand wie von ihr gew\u00fcnscht in rosa getaucht.<\/p>\n<p align=\"center\">&#160;<\/p>\n<p align=\"center\"><img loading=\"lazy\" decoding=\"async\" title=\"wohnungmai205\" style=\"border-right: 0px; border-top: 0px; display: inline; border-left: 0px; border-bottom: 0px\" height=\"364\" alt=\"wohnungmai205\" src=\"http:\/\/www.anthealein.de\/wp-content\/uploads\/2009\/05\/wohnungmai205.jpg\" width=\"484\" border=\"0\" \/> <\/p>\n<p align=\"center\">Spielzimmer, Siggi durfte sich kreativ austoben \ud83d\ude42<\/p>\n<p align=\"center\">&#160;<\/p>\n<p align=\"center\"><img loading=\"lazy\" decoding=\"async\" title=\"wohnungmai208\" style=\"border-right: 0px; border-top: 0px; display: inline; border-left: 0px; border-bottom: 0px\" height=\"364\" alt=\"wohnungmai208\" src=\"http:\/\/www.anthealein.de\/wp-content\/uploads\/2009\/05\/wohnungmai208.jpg\" width=\"484\" border=\"0\" \/> <\/p>\n<p align=\"center\">K\u00fcche: die ganze Woche hab ich genervt, das ich irgendwo Quadrate haben will, hier durfte ich sie haben *g*<\/p>\n<p align=\"center\">&#160;<\/p>\n<p align=\"center\"><img loading=\"lazy\" decoding=\"async\" title=\"wohnungmai206\" style=\"border-right: 0px; border-top: 0px; display: inline; border-left: 0px; border-bottom: 0px\" height=\"364\" alt=\"wohnungmai206\" src=\"http:\/\/www.anthealein.de\/wp-content\/uploads\/2009\/05\/wohnungmai206.jpg\" width=\"484\" border=\"0\" \/> <\/p>\n<p align=\"center\">Wohnzimmer mit dunklem Laminat<\/p>\n<p align=\"center\">&#160;<\/p>\n<p align=\"center\">Und ich sehe in Janas Zimmer immer noch kein Land. 6 Umzugskisten mittlerweile voll und immer noch mehr als genug zu packen. Morgen darf ich morgens zum Hausarzt zum Check-Up (EKG, Blutdruck, Blutwerte) wegen dem Copaxone und morgen Nachmittag wollte evtl. Br\u00fcderchen zu Besuch kommen. Ich schw\u00f6r, ich werd auch mal wieder scrappen, wenn es wieder ruhiger ist hier \ud83d\ude09<\/p>\n","protected":false},"excerpt":{"rendered":"<p>Samstag war es dann also soweit, volles Haus und kurzfristig umdisponiert: Laminat nicht nur in den Fluren und in Janas Zimmern zu legen, sondern auch in der K\u00fcche und im Wohnzimmer. Sandra und ich haben unten f\u00fcrs leibliche Wohl gesorgt und die Kinder bespa\u00dft (mehr Sandra als ich), der Rest hat oben geackert und Siggi [&hellip;]<\/p>\n","protected":false},"author":1,"featured_media":0,"comment_status":"open","ping_status":"open","sticky":false,"template":"","format":"standard","meta":{"footnotes":""},"categories":[7],"tags":[],"class_list":["post-797","post","type-post","status-publish","format-standard","hentry","category-renovierung"],"_links":{"self":[{"href":"http:\/\/www.anthealein.de\/index.php?rest_route=\/wp\/v2\/posts\/797","targetHints":{"allow":["GET"]}}],"collection":[{"href":"http:\/\/www.anthealein.de\/index.php?rest_route=\/wp\/v2\/posts"}],"about":[{"href":"http:\/\/www.anthealein.de\/index.php?rest_route=\/wp\/v2\/types\/post"}],"author":[{"embeddable":true,"href":"http:\/\/www.anthealein.de\/index.php?rest_route=\/wp\/v2\/users\/1"}],"replies":[{"embeddable":true,"href":"http:\/\/www.anthealein.de\/index.php?rest_route=%2Fwp%2Fv2%2Fcomments&post=797"}],"version-history":[{"count":1,"href":"http:\/\/www.anthealein.de\/index.php?rest_route=\/wp\/v2\/posts\/797\/revisions"}],"predecessor-version":[{"id":798,"href":"http:\/\/www.anthealein.de\/index.php?rest_route=\/wp\/v2\/posts\/797\/revisions\/798"}],"wp:attachment":[{"href":"http:\/\/www.anthealein.de\/index.php?rest_route=%2Fwp%2Fv2%2Fmedia&parent=797"}],"wp:term":[{"taxonomy":"category","embeddable":true,"href":"http:\/\/www.anthealein.de\/index.php?rest_route=%2Fwp%2Fv2%2Fcategories&post=797"},{"taxonomy":"post_tag","embeddable":true,"href":"http:\/\/www.anthealein.de\/index.php?rest_route=%2Fwp%2Fv2%2Ftags&post=797"}],"curies":[{"name":"wp","href":"https:\/\/api.w.org\/{rel}","templated":true}]}}