{"id":788,"date":"2009-05-12T21:50:10","date_gmt":"2009-05-12T19:50:10","guid":{"rendered":"http:\/\/www.anthealein.de\/?p=788"},"modified":"2009-05-26T11:52:08","modified_gmt":"2009-05-26T09:52:08","slug":"frs-schwesterherz","status":"publish","type":"post","link":"http:\/\/www.anthealein.de\/?p=788","title":{"rendered":"F\u00fcrs Schwesterherz"},"content":{"rendered":"<p>Bittesch\u00f6n Schwesterchen: die ersten Bilder der Renovierungsarbeiten. Wenn alles fertig ist, geh ich f\u00fcr dich ein Video davon machen \ud83d\ude09<\/p>\n<p>\u00a0<\/p>\n<p align=\"center\"><img loading=\"lazy\" decoding=\"async\" style=\"border-top-width: 0px; display: block; border-left-width: 0px; float: none; border-bottom-width: 0px; margin-left: auto; margin-right: auto; border-right-width: 0px\" title=\"wohnungmai1\" src=\"http:\/\/www.anthealein.de\/wp-content\/uploads\/2009\/05\/wohnungmai1.jpg\" border=\"0\" alt=\"wohnungmai1\" width=\"484\" height=\"364\" \/><\/p>\n<p align=\"center\">Der Flur, mittlerweile schon gestrichen (im runden Rahmen zu den B\u00e4dern mintgr\u00fcn)<\/p>\n<p align=\"center\">\u00a0<\/p>\n<p align=\"center\"><img loading=\"lazy\" decoding=\"async\" style=\"border-top-width: 0px; display: inline; border-left-width: 0px; border-bottom-width: 0px; border-right-width: 0px\" title=\"wohnungmai2\" src=\"http:\/\/www.anthealein.de\/wp-content\/uploads\/2009\/05\/wohnungmai2.jpg\" border=\"0\" alt=\"wohnungmai2\" width=\"364\" height=\"484\" \/>\u00a0<\/p>\n<p align=\"center\">Lenas Zimmer, fertig gestrichen und mit Laminat ausgelegt. Links an der Wand hat Schwiepa mir in dem Mintgr\u00fcn von Flur und Wohnzimmer Streifen gemacht \ud83d\ude42<\/p>\n<p align=\"center\">\u00a0<\/p>\n<p align=\"center\"><img loading=\"lazy\" decoding=\"async\" style=\"border-right: 0px; border-top: 0px; display: inline; border-left: 0px; border-bottom: 0px\" title=\"wohnungmai3\" src=\"http:\/\/www.anthealein.de\/wp-content\/uploads\/2009\/05\/wohnungmai3.jpg\" border=\"0\" alt=\"wohnungmai3\" width=\"484\" height=\"364\" \/><\/p>\n<p align=\"center\">N\u00e4mlich die hier \ud83d\ude42<\/p>\n<p align=\"center\">\u00a0<\/p>\n<p align=\"center\"><img loading=\"lazy\" decoding=\"async\" style=\"border-right: 0px; border-top: 0px; display: inline; border-left: 0px; border-bottom: 0px\" title=\"wohnungmai4\" src=\"http:\/\/www.anthealein.de\/wp-content\/uploads\/2009\/05\/wohnungmai4.jpg\" border=\"0\" alt=\"wohnungmai4\" width=\"364\" height=\"484\" \/><\/p>\n<p align=\"center\">Das fertige Badezimmer<\/p>\n<p align=\"center\">\u00a0<\/p>\n<p align=\"center\"><img loading=\"lazy\" decoding=\"async\" style=\"border-right: 0px; border-top: 0px; display: inline; border-left: 0px; border-bottom: 0px\" title=\"wohnungmai5\" src=\"http:\/\/www.anthealein.de\/wp-content\/uploads\/2009\/05\/wohnungmai5.jpg\" border=\"0\" alt=\"wohnungmai5\" width=\"484\" height=\"364\" \/><\/p>\n<p align=\"center\">K\u00fcche fertig gestrichen.<\/p>\n<p align=\"center\">\u00a0<\/p>\n<p align=\"center\"><img loading=\"lazy\" decoding=\"async\" style=\"border-right: 0px; border-top: 0px; display: inline; border-left: 0px; border-bottom: 0px\" title=\"wohnungmai6\" src=\"http:\/\/www.anthealein.de\/wp-content\/uploads\/2009\/05\/wohnungmai6.jpg\" border=\"0\" alt=\"wohnungmai6\" width=\"484\" height=\"364\" \/><\/p>\n<p align=\"center\">Wohnzimmer in wei\u00df. Nur die Wand hinten bei der T\u00fcr (da wird Chris\u2019 PC stehen) ist in mintgr\u00fcn gestrichen. Rechts kommt das blaue Sofa mit zwei gro\u00dfen Klatschmohnbildern hin. Der Rahmen der Bilder hat verschiedene mintgr\u00fcne T\u00f6ne, passt also wunderbar \ud83d\ude42<\/p>\n<p align=\"center\">\u00a0<\/p>\n<p align=\"center\">An dieser Stelle auch nochmal ein Riesenriesendankesch\u00f6n an alle Freunde und Verwandte, die flei\u00dfig mithelfen. Rainer der Laminat verlegt, Peter der flei\u00dfig mit Chris am streichen ist, Ralf der mit Schwiepa die Tapeten in den vorderen Zimmern klebt, ein paar Kindergartenv\u00e4ter die wir gestern aus der Vollversammlung holen durften weil wir Tr\u00e4ger f\u00fcr das ganze Laminat brauchten das in Lenas Zimmer gestapelt ist und nat\u00fcrlich Schwiepa und Schwiema, die beide am schaffen und putzen sind wie bl\u00f6de *knuddel*. Die n\u00e4chsten Wochen werden noch viel mehr Freunde dazu kommen und ebenfalls mithelfen (Thorsten f\u00fcr die Wasseranschl\u00fcsse, Rolf f\u00fcr den Herd, einer der beiden Marcs min., Nico ist auch schon eingeplant *g*) \ud83d\ude42 Es wird also in Riesenschritten und zeitweise wuseln bis zu 7 Leute rum und sind am schaffen, nur ich werd mit der n\u00f6rgeligen Lena nach unten geschickt *lach* oder bin nur f\u00fcr die Verpflegung und das abendliche Durchwischen verantwortlich.<\/p>\n","protected":false},"excerpt":{"rendered":"<p>Bittesch\u00f6n Schwesterchen: die ersten Bilder der Renovierungsarbeiten. Wenn alles fertig ist, geh ich f\u00fcr dich ein Video davon machen \ud83d\ude09 \u00a0 Der Flur, mittlerweile schon gestrichen (im runden Rahmen zu den B\u00e4dern mintgr\u00fcn) \u00a0 \u00a0 Lenas Zimmer, fertig gestrichen und mit Laminat ausgelegt. Links an der Wand hat Schwiepa mir in dem Mintgr\u00fcn von Flur [&hellip;]<\/p>\n","protected":false},"author":1,"featured_media":0,"comment_status":"open","ping_status":"open","sticky":false,"template":"","format":"standard","meta":{"footnotes":""},"categories":[7],"tags":[],"class_list":["post-788","post","type-post","status-publish","format-standard","hentry","category-renovierung"],"_links":{"self":[{"href":"http:\/\/www.anthealein.de\/index.php?rest_route=\/wp\/v2\/posts\/788","targetHints":{"allow":["GET"]}}],"collection":[{"href":"http:\/\/www.anthealein.de\/index.php?rest_route=\/wp\/v2\/posts"}],"about":[{"href":"http:\/\/www.anthealein.de\/index.php?rest_route=\/wp\/v2\/types\/post"}],"author":[{"embeddable":true,"href":"http:\/\/www.anthealein.de\/index.php?rest_route=\/wp\/v2\/users\/1"}],"replies":[{"embeddable":true,"href":"http:\/\/www.anthealein.de\/index.php?rest_route=%2Fwp%2Fv2%2Fcomments&post=788"}],"version-history":[{"count":3,"href":"http:\/\/www.anthealein.de\/index.php?rest_route=\/wp\/v2\/posts\/788\/revisions"}],"predecessor-version":[{"id":799,"href":"http:\/\/www.anthealein.de\/index.php?rest_route=\/wp\/v2\/posts\/788\/revisions\/799"}],"wp:attachment":[{"href":"http:\/\/www.anthealein.de\/index.php?rest_route=%2Fwp%2Fv2%2Fmedia&parent=788"}],"wp:term":[{"taxonomy":"category","embeddable":true,"href":"http:\/\/www.anthealein.de\/index.php?rest_route=%2Fwp%2Fv2%2Fcategories&post=788"},{"taxonomy":"post_tag","embeddable":true,"href":"http:\/\/www.anthealein.de\/index.php?rest_route=%2Fwp%2Fv2%2Ftags&post=788"}],"curies":[{"name":"wp","href":"https:\/\/api.w.org\/{rel}","templated":true}]}}