{"id":771,"date":"2009-04-29T20:24:50","date_gmt":"2009-04-29T18:24:50","guid":{"rendered":"http:\/\/www.anthealein.de\/?p=771"},"modified":"2009-04-29T20:26:08","modified_gmt":"2009-04-29T18:26:08","slug":"geht-das-jetzt-schon-los","status":"publish","type":"post","link":"http:\/\/www.anthealein.de\/?p=771","title":{"rendered":"Geht das jetzt schon los???"},"content":{"rendered":"<p>Nichtsahnend erz\u00e4hlt man seiner 5-j\u00e4hrigen Tochter, das sie n\u00e4chsten Dienstag direkt nach dem Kindergarten mit zu ihrem Freund darf. Da erz\u00e4hlt sie mir doch mit Stirnrunzeln, das sie ein bisschen Angst hat, das Alina (ein M\u00e4del aus dem Kiga) ihr Jack klaut. Auf mein verdutztes Nachfragen: \u201cJa, die mag ihn glaub ich, die himmelt ihn beim Fr\u00fchst\u00fcck immer so an\u201d. Ich hab sie dann beruhigt, das sie ihn m\u00f6gen kann so doll sie will, Jack muss ja entscheiden *lach*<\/p>\n<p>Anscheinend lie\u00df ihr das jedoch keine Ruhe, denn heute Abend kam eine weinende Jana aus ihrem Zimmer (die schon l\u00e4ngst schlafen sollte), ihre Schneidez\u00e4hne oben w\u00e4ren schief, das w\u00e4re ja h\u00e4sslich :shock_tb:<\/p>\n","protected":false},"excerpt":{"rendered":"<p>Nichtsahnend erz\u00e4hlt man seiner 5-j\u00e4hrigen Tochter, das sie n\u00e4chsten Dienstag direkt nach dem Kindergarten mit zu ihrem Freund darf. Da erz\u00e4hlt sie mir doch mit Stirnrunzeln, das sie ein bisschen Angst hat, das Alina (ein M\u00e4del aus dem Kiga) ihr Jack klaut. Auf mein verdutztes Nachfragen: \u201cJa, die mag ihn glaub ich, die himmelt ihn [&hellip;]<\/p>\n","protected":false},"author":1,"featured_media":0,"comment_status":"open","ping_status":"open","sticky":false,"template":"","format":"standard","meta":{"footnotes":""},"categories":[3],"tags":[],"class_list":["post-771","post","type-post","status-publish","format-standard","hentry","category-alles-mogliche"],"_links":{"self":[{"href":"http:\/\/www.anthealein.de\/index.php?rest_route=\/wp\/v2\/posts\/771","targetHints":{"allow":["GET"]}}],"collection":[{"href":"http:\/\/www.anthealein.de\/index.php?rest_route=\/wp\/v2\/posts"}],"about":[{"href":"http:\/\/www.anthealein.de\/index.php?rest_route=\/wp\/v2\/types\/post"}],"author":[{"embeddable":true,"href":"http:\/\/www.anthealein.de\/index.php?rest_route=\/wp\/v2\/users\/1"}],"replies":[{"embeddable":true,"href":"http:\/\/www.anthealein.de\/index.php?rest_route=%2Fwp%2Fv2%2Fcomments&post=771"}],"version-history":[{"count":1,"href":"http:\/\/www.anthealein.de\/index.php?rest_route=\/wp\/v2\/posts\/771\/revisions"}],"predecessor-version":[{"id":772,"href":"http:\/\/www.anthealein.de\/index.php?rest_route=\/wp\/v2\/posts\/771\/revisions\/772"}],"wp:attachment":[{"href":"http:\/\/www.anthealein.de\/index.php?rest_route=%2Fwp%2Fv2%2Fmedia&parent=771"}],"wp:term":[{"taxonomy":"category","embeddable":true,"href":"http:\/\/www.anthealein.de\/index.php?rest_route=%2Fwp%2Fv2%2Fcategories&post=771"},{"taxonomy":"post_tag","embeddable":true,"href":"http:\/\/www.anthealein.de\/index.php?rest_route=%2Fwp%2Fv2%2Ftags&post=771"}],"curies":[{"name":"wp","href":"https:\/\/api.w.org\/{rel}","templated":true}]}}