{"id":718,"date":"2009-04-19T21:32:36","date_gmt":"2009-04-19T19:32:36","guid":{"rendered":"http:\/\/www.anthealein.de\/?p=718"},"modified":"2009-04-19T21:35:39","modified_gmt":"2009-04-19T19:35:39","slug":"laut-lauter-am-lautesten","status":"publish","type":"post","link":"http:\/\/www.anthealein.de\/?p=718","title":{"rendered":"Laut, lauter, am lautesten\u2026"},"content":{"rendered":"<p>\u2026 ist es hier im Haus in der Woche gewesen. Die Handwerker sind am rei\u00dfen wie verr\u00fcckt und wenn das in dem Tempo weitergeht, k\u00f6nnen wir schon Anfang Mai mit renovieren anfangen. G\u00e4stetoilette ist schon gefliest, Fliesenspiegel in der K\u00fcche ist fertig, die olle Holzdecke abgerissen, die Wand zwischen Schlafzimmer und Janas Zimmer zugemauert und alles im Badezimmer rausgerissen. Es wird also \ud83d\ude42<\/p>\n<p>Jana hat am Karfreitag beschlossen, das sie keine St\u00fctzr\u00e4der mehr braucht, ist aufgestiegen und losgefahren. Einfach so. Ich bin damals im Kurpark links gegen den Baum, rechts gegen den Baum, ab in den Graben und sah aus wie misshandelt *lach*. Jana hat sich ihr neues Fahrrad das wir ihr am n\u00e4chsten Tag gekauft haben, also redlich verdient und hat mit Chris auch gleich eine Fahrradtour bis zum Stadtpark und zur\u00fcck gemacht *stolzbin*<\/p>\n<p>Lena macht sich weiterhin gut und hat die U5 gemeistert. Drehen \u00fcbt sie flei\u00dfig, schafft es aber nur auf die Seite. Daf\u00fcr kann der Zwerg seit 2 Tagen pfeifen und tut das besonders gern und ausgiebig nachts um halb 4 *seufz*. Und nein, ich witzel nicht. Irene wollte es mir auch erst nicht glauben, hat aber Beweisvideo geschickt bekommen *g*<\/p>\n<p>Wie immer wollte ich eigentlich noch soooooooooo viel schreiben und berichten und hab doch wieder alles vergessen, ich sollte mir wirklich angew\u00f6hnen mir Stichworte zu machen und dann abends direkt zu bloggen.<\/p>\n<p>Ach ja, gescrappt hab ich tats\u00e4chlich auch mal wieder:<\/p>\n<p style=\"text-align: center;\"><a href=\"http:\/\/www.digishoptalk.com\/gallery\/showphoto.php?photo=615602\" target=\"_blank\"><img loading=\"lazy\" decoding=\"async\" class=\"aligncenter\" style=\"border-right: 0px; border-top: 0px; display: block; float: none; margin-left: auto; border-left: 0px; margin-right: auto; border-bottom: 0px\" title=\"bestill\" src=\"http:\/\/www.anthealein.de\/wp-content\/uploads\/2009\/04\/bestill.jpg\" border=\"0\" alt=\"bestill\" width=\"504\" height=\"504\" \/><\/a><\/p>\n","protected":false},"excerpt":{"rendered":"<p>\u2026 ist es hier im Haus in der Woche gewesen. Die Handwerker sind am rei\u00dfen wie verr\u00fcckt und wenn das in dem Tempo weitergeht, k\u00f6nnen wir schon Anfang Mai mit renovieren anfangen. G\u00e4stetoilette ist schon gefliest, Fliesenspiegel in der K\u00fcche ist fertig, die olle Holzdecke abgerissen, die Wand zwischen Schlafzimmer und Janas Zimmer zugemauert und [&hellip;]<\/p>\n","protected":false},"author":1,"featured_media":0,"comment_status":"open","ping_status":"open","sticky":false,"template":"","format":"standard","meta":{"footnotes":""},"categories":[3,4],"tags":[],"class_list":["post-718","post","type-post","status-publish","format-standard","hentry","category-alles-mogliche","category-scraps-und-co"],"_links":{"self":[{"href":"http:\/\/www.anthealein.de\/index.php?rest_route=\/wp\/v2\/posts\/718","targetHints":{"allow":["GET"]}}],"collection":[{"href":"http:\/\/www.anthealein.de\/index.php?rest_route=\/wp\/v2\/posts"}],"about":[{"href":"http:\/\/www.anthealein.de\/index.php?rest_route=\/wp\/v2\/types\/post"}],"author":[{"embeddable":true,"href":"http:\/\/www.anthealein.de\/index.php?rest_route=\/wp\/v2\/users\/1"}],"replies":[{"embeddable":true,"href":"http:\/\/www.anthealein.de\/index.php?rest_route=%2Fwp%2Fv2%2Fcomments&post=718"}],"version-history":[{"count":1,"href":"http:\/\/www.anthealein.de\/index.php?rest_route=\/wp\/v2\/posts\/718\/revisions"}],"predecessor-version":[{"id":720,"href":"http:\/\/www.anthealein.de\/index.php?rest_route=\/wp\/v2\/posts\/718\/revisions\/720"}],"wp:attachment":[{"href":"http:\/\/www.anthealein.de\/index.php?rest_route=%2Fwp%2Fv2%2Fmedia&parent=718"}],"wp:term":[{"taxonomy":"category","embeddable":true,"href":"http:\/\/www.anthealein.de\/index.php?rest_route=%2Fwp%2Fv2%2Fcategories&post=718"},{"taxonomy":"post_tag","embeddable":true,"href":"http:\/\/www.anthealein.de\/index.php?rest_route=%2Fwp%2Fv2%2Ftags&post=718"}],"curies":[{"name":"wp","href":"https:\/\/api.w.org\/{rel}","templated":true}]}}