{"id":708,"date":"2009-03-30T20:38:17","date_gmt":"2009-03-30T18:38:17","guid":{"rendered":"http:\/\/www.anthealein.de\/?p=708"},"modified":"2009-03-30T20:42:29","modified_gmt":"2009-03-30T18:42:29","slug":"momentaufnahmen","status":"publish","type":"post","link":"http:\/\/www.anthealein.de\/?p=708","title":{"rendered":"Momentaufnahmen"},"content":{"rendered":"<p>Es gibt Momente mit Kindern, die h\u00e4lt man einfach im Herzen fest, bei Mi besonders im 2. Lebensjahr:<\/p>\n<p>&#8211; jede Blume und jeder Stein war spannend und ich durfte die Stadt neu entdecken.<\/p>\n<p>&#8211; \u00fcberall musste nach einem A oder B gesucht werden und davon gibt es viele unterwegs, sogar die Schirmst\u00e4nder vor der Eisdiele in der Nordseepassage haben \u201cGarden\u201d aufgedruckt.<\/p>\n<p>&#8211; Mi beim einbiegen in die Marktstra\u00dfe schon begeistert: &#8222;Miiiiiiiishake?&#8220;<\/p>\n<p>&#8211; als wir uns kringelig gelacht haben, weil sie aus einem Wutanfall heraus die merkw\u00fcrdigsten Dinge probierte um die Taschent\u00fccher zu erreichen die ich in die T\u00fcrangel gesteckt hatte (damit sie die T\u00fcr nicht mehr knallen konnte) und dabei verga\u00df, das sie sauer war.<\/p>\n<p>&#8211; ihr erster Gang alleine zum B\u00e4cker um die Ecke (wobei ich an der Ecke stand *g*) und sie war so stolz.<\/p>\n<p>&#8211; stundenlanges Malen im Kies an der Ecke w\u00e4hrend wir gewartet haben, das Papa von der Arbeit kommt.<\/p>\n<p>&#8211; ihr \u201cOooogel\u201d und \u201cBaby\u201d als sie ein Vogelnest sah und nein, meines Wissens hatte ihr niemand gesteckt das aus Vogelnestern Vogelbabys kommen.<\/p>\n<p>&#8211; ihr begeistertes \u201cPapabeiiiiiiiiiiii\u201d als sie zu Weihnachten den Little People-Zug bekam, gepaart mit gegeistertem Haareraufen.<\/p>\n<p>&#8211; als sie Oma total euphorisch am Telefon versuchte zu erz\u00e4hlen, das Opa ihr einen Puppenwagen gekauft hat und dabei mit dem Telefon zu dem Wagen lief um ihn Oma zu zeigen *lach*<\/p>\n<p>&#8211; nie vergessen (dank Video), wie sie den Kopf immer wieder gegen den Spiegel haut, dann kurz \u201cAua\u201d sagt w\u00e4hrend sie sich \u00fcber die Stirn streicht und laut und dreckig loslacht.<\/p>\n<p>&#8211; als sie Ostern losrannte mit dem Kommentar &#8222;eins fehlt noch&#8220;. Sie hatte mitbekommen, das ich acht \u00dc-Eier geholt hatte und hatte erst sieben gefunden.\u00a0(Na ok, da war sie schon 2 Jahre alt)<\/p>\n<p>Ich bin mal gespannt, was ich in ein paar Jahren dann von Lena in Erinnerung hab\u2026<\/p>\n","protected":false},"excerpt":{"rendered":"<p>Es gibt Momente mit Kindern, die h\u00e4lt man einfach im Herzen fest, bei Mi besonders im 2. Lebensjahr: &#8211; jede Blume und jeder Stein war spannend und ich durfte die Stadt neu entdecken. &#8211; \u00fcberall musste nach einem A oder B gesucht werden und davon gibt es viele unterwegs, sogar die Schirmst\u00e4nder vor der Eisdiele [&hellip;]<\/p>\n","protected":false},"author":1,"featured_media":0,"comment_status":"open","ping_status":"open","sticky":false,"template":"","format":"standard","meta":{"footnotes":""},"categories":[3],"tags":[],"class_list":["post-708","post","type-post","status-publish","format-standard","hentry","category-alles-mogliche"],"_links":{"self":[{"href":"http:\/\/www.anthealein.de\/index.php?rest_route=\/wp\/v2\/posts\/708","targetHints":{"allow":["GET"]}}],"collection":[{"href":"http:\/\/www.anthealein.de\/index.php?rest_route=\/wp\/v2\/posts"}],"about":[{"href":"http:\/\/www.anthealein.de\/index.php?rest_route=\/wp\/v2\/types\/post"}],"author":[{"embeddable":true,"href":"http:\/\/www.anthealein.de\/index.php?rest_route=\/wp\/v2\/users\/1"}],"replies":[{"embeddable":true,"href":"http:\/\/www.anthealein.de\/index.php?rest_route=%2Fwp%2Fv2%2Fcomments&post=708"}],"version-history":[{"count":2,"href":"http:\/\/www.anthealein.de\/index.php?rest_route=\/wp\/v2\/posts\/708\/revisions"}],"predecessor-version":[{"id":709,"href":"http:\/\/www.anthealein.de\/index.php?rest_route=\/wp\/v2\/posts\/708\/revisions\/709"}],"wp:attachment":[{"href":"http:\/\/www.anthealein.de\/index.php?rest_route=%2Fwp%2Fv2%2Fmedia&parent=708"}],"wp:term":[{"taxonomy":"category","embeddable":true,"href":"http:\/\/www.anthealein.de\/index.php?rest_route=%2Fwp%2Fv2%2Fcategories&post=708"},{"taxonomy":"post_tag","embeddable":true,"href":"http:\/\/www.anthealein.de\/index.php?rest_route=%2Fwp%2Fv2%2Ftags&post=708"}],"curies":[{"name":"wp","href":"https:\/\/api.w.org\/{rel}","templated":true}]}}