{"id":703,"date":"2009-03-17T23:26:16","date_gmt":"2009-03-17T21:26:16","guid":{"rendered":"http:\/\/www.anthealein.de\/?p=703"},"modified":"2009-03-17T23:29:49","modified_gmt":"2009-03-17T21:29:49","slug":"ikea-basistherapie-und-co","status":"publish","type":"post","link":"http:\/\/www.anthealein.de\/?p=703","title":{"rendered":"Ikea, Basistherapie und co."},"content":{"rendered":"<p>Ich bin momentan sowas von scrapunlustig, das gibt es gar nicht *seufz*\u2026 Schwesterchen hatte mir ja eigentlich vorhergesagt, das sich das nach der Geburt \u00e4ndern w\u00fcrde. Nun wird Lena bald schon ein halbes Jahr alt und ich hab immer noch \u00e4u\u00dferst selten Lust zu scrappen. Abends sind irgendwie Lohnsteuererkl\u00e4rung, Ebay, Foren und 3D Wohndesigner momentan wichtiger.<\/p>\n<p>\u00a0Heute waren wir bei Ikea und haben mal wieder viel zu viel eingekauft.<\/p>\n<p>\u00a0Zuerst das Dienstags-Schn\u00e4ppchen f\u00fcr 49 Euro:<\/p>\n<p align=\"center\"><img loading=\"lazy\" decoding=\"async\" style=\"border-top-width: 0px; display: inline; border-left-width: 0px; border-bottom-width: 0px; border-right-width: 0px\" title=\"tisch\" src=\"http:\/\/www.anthealein.de\/wp-content\/uploads\/2009\/03\/tisch.jpg\" border=\"0\" alt=\"tisch\" width=\"504\" height=\"504\" \/><\/p>\n<p align=\"center\">\u00a0<\/p>\n<p align=\"center\">Und dann waren wir noch in der Trofast-Ecke. Jana soll in ihren neuen Zimmern Trofast-Regale bekommen und ich wollte von ihr schon mal grob die Farbvorstellung der Plastikkisten haben. Dabei haben wir das gute St\u00fcck reduziert auf 19 Euro gesehen :super: und konnten es nicht da lassen:<\/p>\n<p align=\"center\"><img loading=\"lazy\" decoding=\"async\" style=\"border-top-width: 0px; display: inline; border-left-width: 0px; border-bottom-width: 0px; border-right-width: 0px\" title=\"trofast\" src=\"http:\/\/www.anthealein.de\/wp-content\/uploads\/2009\/03\/trofast.jpg\" border=\"0\" alt=\"trofast\" width=\"504\" height=\"504\" \/><\/p>\n<p align=\"center\">\u00a0<\/p>\n<p align=\"center\">Lenas Kuscheltier haben wir auch noch 3x ergattert (2x f\u00fcr Lena, 1x f\u00fcr Jana *g*), wir haben schlie\u00dflich bei Jana gelernt, das man nie genug von denen haben kann:<\/p>\n<p align=\"center\"><img loading=\"lazy\" decoding=\"async\" style=\"border-top-width: 0px; display: inline; border-left-width: 0px; border-bottom-width: 0px; border-right-width: 0px\" title=\"kuschel\" src=\"http:\/\/www.anthealein.de\/wp-content\/uploads\/2009\/03\/kuschel.jpg\" border=\"0\" alt=\"kuschel\" width=\"504\" height=\"504\" \/><\/p>\n<p align=\"center\">\u00a0<\/p>\n<p align=\"left\">Die \u00fcblichen Verd\u00e4chtigen wie Plastikdosen und Kerzen haben wir nat\u00fcrlich auch mitgebracht. Jana hat nach einem Fr\u00fchst\u00fcck im Ikea Restaurant die Zeit lieber im Kinderparadies verbracht und die Aufsicht dort in Grund und Boden geredet. Hinterher wusste die alles \u00fcber Janas Kindergarten und war v\u00f6llig baff \u00fcber den Sprachschatz unseres Plappermauls. H\u00e4tte ich sie vorher warnen sollen?<\/p>\n<p align=\"left\">Danach waren wir noch bei Br\u00fcderchen und den Nachmittag haben wir dann damit verbracht, den Keller aufzur\u00e4umen um Platz zu schaffen f\u00fcr die neuen Sachen.<\/p>\n<p align=\"left\">Lena macht sich pr\u00e4chtig, singt vor sich hin und hat bei mir sowieso einen gro\u00dfen Stein im Brett, weil sie meinen selbstgekochten Brei lieber mag als die Gl\u00e4schen \ud83d\ude00 Und nat\u00fcrlich ist Jana immer noch ihr totaler Liebling (Babys m\u00fcssen ein wenig selbstm\u00f6rderisch veranlagt sein, f\u00fcrchte ich).<\/p>\n<p align=\"left\">Mit der Wohnung oben wird sich die Tage zeigen, ob wir sie nehmen. Erst sagte unsere Hausverwalterin zu das alles gemacht wird, inzwischen rudert sie aber schon ein wenig zur\u00fcck. Jetzt muss die Hausbesitzerin entscheiden, die Kostenvoranschl\u00e4ge sind erstellt und letzte Woche auf den Weg zu ihr gegangen. Falls wir die Wohnung nehmen w\u00fcrden, h\u00e4tten wir diesen wunderbaren laaaaaaaaaangen, sonnigen (auf dem Bild leider nicht) Balkon f\u00fcr den neuen Tisch und die Kinder Platz f\u00fcr ein Sandkistchen:<\/p>\n<p align=\"center\"><img loading=\"lazy\" decoding=\"async\" style=\"border-right: 0px; border-top: 0px; display: inline; border-left: 0px; border-bottom: 0px\" title=\"balkon\" src=\"http:\/\/www.anthealein.de\/wp-content\/uploads\/2009\/03\/balkon.jpg\" border=\"0\" alt=\"balkon\" width=\"364\" height=\"484\" \/><\/p>\n<p align=\"center\">\u00a0<\/p>\n<p align=\"left\">Und: nun ist es also Zeit sich f\u00fcr eine Basistherapie zu entscheiden. Ich habe momentan 3 aktive Herde und auch wenn ich damit keine Beschwerden habe au\u00dfer tauben F\u00fc\u00dfen, r\u00e4t mein Neuro dringend zur Basistherapie. Er hat mir erst mal die Infomappe von Avonex in die Hand gedr\u00fcckt und mir ein paar Wochen Zeit gegeben zu entscheiden. Nun hab ich zwar morgen Termin zur Blutabnahme (f\u00fcr Avonex m\u00fcssen die Leber- und Nierenwerte in Ordnung sein), werde aber danach nochmal mit ihm \u00fcber das Mittel verhandeln (sofern die Leberwerte nicht eh schlecht sind).<\/p>\n<p align=\"left\">Avonex wird nur einmal die Woche in den Muskel gespritzt und soll \u201cgrippe\u00e4hnliche\u201d Nebenwirkungen haben (am Tag nach der Spritze). Grippe\u00e4hnlich mag harmlos klingen, in diversen MS-Foren findet man aber andere Stimmen. Von 40 Grad Fieber, Sch\u00fcttelfrost, unertr\u00e4glichen Muskel- und Kopfschmerzen, Depressionen bis hin zu \u201cmein Tag hat nur noch 6 Tage, den 7. verbringe ich leidend im Bett\u201d. Ich wollte es dennoch erst damit probieren in der Hoffnung das ich zu den wenigen ohne Nebenwirkungen geh\u00f6re, aber dann erz\u00e4hlte meine Tante mir, das erh\u00f6hte Leberwerte h\u00e4ufig bei uns in der Familie vorkommen. Sie hat regelm\u00e4\u00dfig erh\u00f6hte Leberwerte und meine Mama wurde wohl tats\u00e4chlich mal von einem Arzt gefragt was sie t\u00e4glich trinken w\u00fcrde, weil ihre Werte derma\u00dfen erh\u00f6ht waren. Und da Avonex sehr auf die Leber geht tu ich mir das lieber nicht an.<\/p>\n<p align=\"left\">Nun hoffe ich, das mein Neuro sein ok gibt f\u00fcr Copaxone. Kein Betainterferon wie Avonex, sondern Glatirameracetat. Muss zwar t\u00e4glich unter die Haut gespritzt werden, aber ich hab ja zum Gl\u00fcck keine Spritzenphobie. Und damit sollen die \u201cgrippe\u00e4hnlichen\u201d Nebenwirkungen tats\u00e4chlich minimal sein bzw. gar nicht vorkommen. Wor\u00fcber fast alle Nutzer klagen: Quaddeln, R\u00f6tungen der Einstichstelle, Juckreiz und Brennen derselben (damit kann ich besser leben, als damit meine Kinder einen Tag nicht richtig versorgen zu k\u00f6nnen). Ganz selten wenn eine Ader getroffen wird, soll wohl auch mal ein \u201cFlush\u201d vorkommen, Herzrasen, Panik, Kreislaufprobleme und co. Das wiederum kenn ich vom Partusisten, das soll auch nur ein paar Minuten anhalten. Also: mein Mittel der Wahl&#8230;<\/p>\n","protected":false},"excerpt":{"rendered":"<p>Ich bin momentan sowas von scrapunlustig, das gibt es gar nicht *seufz*\u2026 Schwesterchen hatte mir ja eigentlich vorhergesagt, das sich das nach der Geburt \u00e4ndern w\u00fcrde. Nun wird Lena bald schon ein halbes Jahr alt und ich hab immer noch \u00e4u\u00dferst selten Lust zu scrappen. Abends sind irgendwie Lohnsteuererkl\u00e4rung, Ebay, Foren und 3D Wohndesigner momentan [&hellip;]<\/p>\n","protected":false},"author":1,"featured_media":0,"comment_status":"open","ping_status":"open","sticky":false,"template":"","format":"standard","meta":{"footnotes":""},"categories":[3],"tags":[],"class_list":["post-703","post","type-post","status-publish","format-standard","hentry","category-alles-mogliche"],"_links":{"self":[{"href":"http:\/\/www.anthealein.de\/index.php?rest_route=\/wp\/v2\/posts\/703","targetHints":{"allow":["GET"]}}],"collection":[{"href":"http:\/\/www.anthealein.de\/index.php?rest_route=\/wp\/v2\/posts"}],"about":[{"href":"http:\/\/www.anthealein.de\/index.php?rest_route=\/wp\/v2\/types\/post"}],"author":[{"embeddable":true,"href":"http:\/\/www.anthealein.de\/index.php?rest_route=\/wp\/v2\/users\/1"}],"replies":[{"embeddable":true,"href":"http:\/\/www.anthealein.de\/index.php?rest_route=%2Fwp%2Fv2%2Fcomments&post=703"}],"version-history":[{"count":2,"href":"http:\/\/www.anthealein.de\/index.php?rest_route=\/wp\/v2\/posts\/703\/revisions"}],"predecessor-version":[{"id":704,"href":"http:\/\/www.anthealein.de\/index.php?rest_route=\/wp\/v2\/posts\/703\/revisions\/704"}],"wp:attachment":[{"href":"http:\/\/www.anthealein.de\/index.php?rest_route=%2Fwp%2Fv2%2Fmedia&parent=703"}],"wp:term":[{"taxonomy":"category","embeddable":true,"href":"http:\/\/www.anthealein.de\/index.php?rest_route=%2Fwp%2Fv2%2Fcategories&post=703"},{"taxonomy":"post_tag","embeddable":true,"href":"http:\/\/www.anthealein.de\/index.php?rest_route=%2Fwp%2Fv2%2Ftags&post=703"}],"curies":[{"name":"wp","href":"https:\/\/api.w.org\/{rel}","templated":true}]}}