{"id":7021,"date":"2012-04-30T21:34:12","date_gmt":"2012-04-30T20:34:12","guid":{"rendered":"http:\/\/www.anthealein.de\/?p=7021"},"modified":"2012-04-30T21:34:12","modified_gmt":"2012-04-30T20:34:12","slug":"berufsttige-mtter","status":"publish","type":"post","link":"http:\/\/www.anthealein.de\/?p=7021","title":{"rendered":"Berufst&auml;tige M&uuml;tter &hellip;"},"content":{"rendered":"<p align=\"justify\">\u2026 m\u00fcssen immer ein wenig wie Spinnen sein. Aber wie immer: von Anfang an (wird l\u00e4nger). <\/p>\n<p align=\"justify\">Das fing heute morgen schon gut an mit verhunzten Passfotos. Chris musste letzte Woche mit seinem Personalausweis zur Post. Der war nun ein paar Tage abgelaufen und nichts ging. Also Samstag zum Fotografen und heute morgen zum Meldeamt mit der festen Absicht, einen neuen Perso zu beantragen. Tja, wenn die Passfotos nicht viel zu hell belichtet worden w\u00e4ren, w\u00e4re das auch kein Problem gewesen. So hie\u00df es: heute Abend noch mal zum Fotografen und neue Fotos machen, die am Mittwoch morgen dann wieder beim Meldeamt sein d\u00fcrfen.<\/p>\n<p align=\"justify\">Weil ich mit Chris am hin und her telefonieren war, kamen die Kinder und ich nicht in die Puschen und erst nach 9 Uhr fuhr ich los zum Einkaufen. Marktkauf und Lidl und ein kurzer Stopp zu Hause. Werner einen Kaffee geg\u00f6nnt und hier schnell durchgewischt. Mit den Kinder um kurz nach 13 Uhr wieder aufgebrochen. Botanischer Garten, Rewe, Netto und Edeka standen auf dem Plan. Wieder nach Hause: Einkauf ausladen, Janas Flasche einpacken und Aufbruch zum Tanzen. Tanzen fiel wegen fehlender Teilnehmerinnen aus (3 Kinder waren nur da), aber w\u00e4hrend die Kinder ein Eis genossen und ein wenig DVD schauten, konnte ich fix \u00fcber die Stra\u00dfe zu Schlecker (Katzenfutter), Combi (Vogelsand u.a.) und noch einmal zu Schlecker (h\u00e4tte ich nicht beim ersten Besuch an Katzenstreu denken k\u00f6nnen?).<\/p>\n<p align=\"justify\">Wieder nach Hause, Essen gemacht etc.. Das \u00dcbliche halt. Und dann h\u00e4tte ich vielleicht besser meinen PC ausgelassen. <\/p>\n<p align=\"justify\">Kaum kam ich online, ging schon ein Fenster auf. Kollegin 1 \u00fcber MSN: Ausfall wegen krankem Mann. Kollegin 2 erwartete mich schon in meinem E-Mail-Programm: Ausfall wegen Krankheit. Kollegin 3 hat Urlaub und die beiden Azubis sind Mittwoch in der Berufsschule. Kollegin 4 \u00fcber ihre Tochter (Sandra2) kontaktiert: sie macht Mittwoch den Sp\u00e4tdienst zusammen mit mir. Weil: nach ein paar Telefongespr\u00e4chen hab ich Nichtchen als Babysitterin engagiert und werde Mittwoch dann einen ganzen Tag einschmei\u00dfen und \u00dcberstunden machen, weil: so oder so sind wir Mittwoch ganze 3 Personen und noch dazu (dar\u00fcber freu ich mich) darf ich die Woche dann auch die Fernleihe machen. Kollegin 1 wird Mittwoch wenigstens eben wegen der Kassen mit ihrem Sohn reinkommen, den werde ich in der Zeit dann bespa\u00dfen.<\/p>\n<p align=\"justify\">Sollte ich noch erw\u00e4hnen, das ich auch mal wieder mit 37,8 Grad Temperatur und inzwischen beidseitigen Flankenschmerzen (links neu hin zu gekommen und mittlerweile schlimmer als rechts) rumlaufe? Ich halte bis n\u00e4chsten Mittwoch zur Untersuchung durch *schw\u00f6r*.<\/p>\n<p align=\"justify\">&#160;<\/p>\n<p align=\"center\"><a href=\"http:\/\/www.anthealein.de\/wp-content\/uploads\/2012\/04\/30042012.jpg\"><img loading=\"lazy\" decoding=\"async\" style=\"background-image: none; border-bottom: 0px; border-left: 0px; padding-left: 0px; padding-right: 0px; display: inline; border-top: 0px; border-right: 0px; padding-top: 0px\" title=\"30042012\" border=\"0\" alt=\"30042012\" src=\"http:\/\/www.anthealein.de\/wp-content\/uploads\/2012\/04\/30042012_thumb.jpg\" width=\"504\" height=\"504\" \/><\/a><\/p>\n<p align=\"center\">&#160;<\/p>\n<p align=\"center\"><a href=\"http:\/\/www.anthealein.de\/wp-content\/uploads\/2012\/04\/30042012II.jpg\"><img loading=\"lazy\" decoding=\"async\" style=\"background-image: none; border-bottom: 0px; border-left: 0px; padding-left: 0px; padding-right: 0px; display: inline; border-top: 0px; border-right: 0px; padding-top: 0px\" title=\"30042012II\" border=\"0\" alt=\"30042012II\" src=\"http:\/\/www.anthealein.de\/wp-content\/uploads\/2012\/04\/30042012II_thumb.jpg\" width=\"504\" height=\"504\" \/><\/a><\/p>\n<p align=\"center\">&#160;<\/p>\n<p align=\"center\"><a href=\"http:\/\/www.anthealein.de\/wp-content\/uploads\/2012\/04\/30042012III.jpg\"><img loading=\"lazy\" decoding=\"async\" style=\"background-image: none; border-bottom: 0px; border-left: 0px; padding-left: 0px; padding-right: 0px; display: inline; border-top: 0px; border-right: 0px; padding-top: 0px\" title=\"30042012III\" border=\"0\" alt=\"30042012III\" src=\"http:\/\/www.anthealein.de\/wp-content\/uploads\/2012\/04\/30042012III_thumb.jpg\" width=\"504\" height=\"504\" \/><\/a><\/p>\n<p align=\"center\">&#160;<\/p>\n<p align=\"center\"><a href=\"http:\/\/www.anthealein.de\/wp-content\/uploads\/2012\/04\/30042012IV.jpg\"><img loading=\"lazy\" decoding=\"async\" style=\"background-image: none; border-bottom: 0px; border-left: 0px; padding-left: 0px; padding-right: 0px; display: inline; border-top: 0px; border-right: 0px; padding-top: 0px\" title=\"30042012IV\" border=\"0\" alt=\"30042012IV\" src=\"http:\/\/www.anthealein.de\/wp-content\/uploads\/2012\/04\/30042012IV_thumb.jpg\" width=\"504\" height=\"504\" \/><\/a><\/p>\n<p align=\"center\">&#160;<\/p>\n<p align=\"center\"><a href=\"http:\/\/www.anthealein.de\/wp-content\/uploads\/2012\/04\/30042012V.jpg\"><img loading=\"lazy\" decoding=\"async\" style=\"background-image: none; border-bottom: 0px; border-left: 0px; padding-left: 0px; padding-right: 0px; display: inline; border-top: 0px; border-right: 0px; padding-top: 0px\" title=\"30042012V\" border=\"0\" alt=\"30042012V\" src=\"http:\/\/www.anthealein.de\/wp-content\/uploads\/2012\/04\/30042012V_thumb.jpg\" width=\"504\" height=\"504\" \/><\/a><\/p>\n","protected":false},"excerpt":{"rendered":"<p>\u2026 m\u00fcssen immer ein wenig wie Spinnen sein. Aber wie immer: von Anfang an (wird l\u00e4nger). Das fing heute morgen schon gut an mit verhunzten Passfotos. Chris musste letzte Woche mit seinem Personalausweis zur Post. Der war nun ein paar Tage abgelaufen und nichts ging. Also Samstag zum Fotografen und heute morgen zum Meldeamt mit [&hellip;]<\/p>\n","protected":false},"author":1,"featured_media":0,"comment_status":"open","ping_status":"open","sticky":false,"template":"","format":"standard","meta":{"footnotes":""},"categories":[3],"tags":[],"class_list":["post-7021","post","type-post","status-publish","format-standard","hentry","category-alles-mogliche"],"_links":{"self":[{"href":"http:\/\/www.anthealein.de\/index.php?rest_route=\/wp\/v2\/posts\/7021","targetHints":{"allow":["GET"]}}],"collection":[{"href":"http:\/\/www.anthealein.de\/index.php?rest_route=\/wp\/v2\/posts"}],"about":[{"href":"http:\/\/www.anthealein.de\/index.php?rest_route=\/wp\/v2\/types\/post"}],"author":[{"embeddable":true,"href":"http:\/\/www.anthealein.de\/index.php?rest_route=\/wp\/v2\/users\/1"}],"replies":[{"embeddable":true,"href":"http:\/\/www.anthealein.de\/index.php?rest_route=%2Fwp%2Fv2%2Fcomments&post=7021"}],"version-history":[{"count":1,"href":"http:\/\/www.anthealein.de\/index.php?rest_route=\/wp\/v2\/posts\/7021\/revisions"}],"predecessor-version":[{"id":7022,"href":"http:\/\/www.anthealein.de\/index.php?rest_route=\/wp\/v2\/posts\/7021\/revisions\/7022"}],"wp:attachment":[{"href":"http:\/\/www.anthealein.de\/index.php?rest_route=%2Fwp%2Fv2%2Fmedia&parent=7021"}],"wp:term":[{"taxonomy":"category","embeddable":true,"href":"http:\/\/www.anthealein.de\/index.php?rest_route=%2Fwp%2Fv2%2Fcategories&post=7021"},{"taxonomy":"post_tag","embeddable":true,"href":"http:\/\/www.anthealein.de\/index.php?rest_route=%2Fwp%2Fv2%2Ftags&post=7021"}],"curies":[{"name":"wp","href":"https:\/\/api.w.org\/{rel}","templated":true}]}}