{"id":7009,"date":"2012-04-29T20:10:18","date_gmt":"2012-04-29T19:10:18","guid":{"rendered":"http:\/\/www.anthealein.de\/?p=7009"},"modified":"2012-04-29T20:10:19","modified_gmt":"2012-04-29T19:10:19","slug":"morgen-3","status":"publish","type":"post","link":"http:\/\/www.anthealein.de\/?p=7009","title":{"rendered":"Morgen &hellip;"},"content":{"rendered":"<p align=\"justify\">\u2026 will ich allen Ernstes mit den Kindern den Wocheneinkauf schmei\u00dfen, hier putzen und mit Jana und Lena zum Tanzen fahren. Ob ich mir das wohl gut \u00fcberlegt habe? Bei Marktkauf gibt es ja wenigstens das B\u00e4llebad, in das die Kinder gleich st\u00fcrzen werden. Aber die restlichen L\u00e4den k\u00f6nnten interessant werden. Und damit mich niemand falsch versteht: meine Bedenken r\u00fchren nicht vom Benehmen der Kinder her, sondern von meinem Unverm\u00f6gen \u201cnein\u201d zu sagen, wenn die beiden M\u00e4use alle paar Meter mit etwas Neuem ankommen, das wir \u201cdoch schon soooooooooooooo lange nicht mehr hatten. Bitte, bitte?\u201d.<\/p>\n<p align=\"justify\">Heute habe ich mein Versprechen Lena gegen\u00fcber eingel\u00f6st und bin mit gefahren zum Schwimmen. Danach ging es kurz \u00fcber den Flohmarkt und zu Hause hat Chris heute f\u00fcrs leibliche Wohl gesorgt, w\u00e4hrend ich einen Faulenztag einlegte (ich schw\u00f6re, ich hab nicht mal gesaugt!). Um 16 Uhr standen wir bei Nico auf der Matte, um kurz nach 18 Uhr waren wir wieder hier und schon ist mal wieder Feierabend <img decoding=\"async\" style=\"border-bottom-style: none; border-left-style: none; border-top-style: none; border-right-style: none\" class=\"wlEmoticon wlEmoticon-smile\" alt=\"Smiley\" src=\"http:\/\/www.anthealein.de\/wp-content\/uploads\/2012\/04\/wlEmoticon-smile6.png\" \/> .<\/p>\n<p align=\"justify\">&#160;<\/p>\n<p align=\"center\"><a href=\"http:\/\/www.anthealein.de\/wp-content\/uploads\/2012\/04\/29042012.jpg\"><img loading=\"lazy\" decoding=\"async\" style=\"background-image: none; border-bottom: 0px; border-left: 0px; padding-left: 0px; padding-right: 0px; display: inline; border-top: 0px; border-right: 0px; padding-top: 0px\" title=\"29042012\" border=\"0\" alt=\"29042012\" src=\"http:\/\/www.anthealein.de\/wp-content\/uploads\/2012\/04\/29042012_thumb.jpg\" width=\"504\" height=\"504\" \/><\/a>    <br \/>Auf dem Flohmarkt ergattert <img decoding=\"async\" style=\"border-bottom-style: none; border-left-style: none; border-top-style: none; border-right-style: none\" class=\"wlEmoticon wlEmoticon-smile\" alt=\"Smiley\" src=\"http:\/\/www.anthealein.de\/wp-content\/uploads\/2012\/04\/wlEmoticon-smile6.png\" \/>.<\/p>\n<p align=\"center\">&#160;<\/p>\n<p align=\"center\"><a href=\"http:\/\/www.anthealein.de\/wp-content\/uploads\/2012\/04\/29042012II.jpg\"><img loading=\"lazy\" decoding=\"async\" style=\"background-image: none; border-bottom: 0px; border-left: 0px; padding-left: 0px; padding-right: 0px; display: inline; border-top: 0px; border-right: 0px; padding-top: 0px\" title=\"29042012II\" border=\"0\" alt=\"29042012II\" src=\"http:\/\/www.anthealein.de\/wp-content\/uploads\/2012\/04\/29042012II_thumb.jpg\" width=\"504\" height=\"504\" \/><\/a>    <br \/>:herz:<\/p>\n","protected":false},"excerpt":{"rendered":"<p>\u2026 will ich allen Ernstes mit den Kindern den Wocheneinkauf schmei\u00dfen, hier putzen und mit Jana und Lena zum Tanzen fahren. Ob ich mir das wohl gut \u00fcberlegt habe? Bei Marktkauf gibt es ja wenigstens das B\u00e4llebad, in das die Kinder gleich st\u00fcrzen werden. Aber die restlichen L\u00e4den k\u00f6nnten interessant werden. Und damit mich niemand [&hellip;]<\/p>\n","protected":false},"author":1,"featured_media":0,"comment_status":"open","ping_status":"open","sticky":false,"template":"","format":"standard","meta":{"footnotes":""},"categories":[3],"tags":[],"class_list":["post-7009","post","type-post","status-publish","format-standard","hentry","category-alles-mogliche"],"_links":{"self":[{"href":"http:\/\/www.anthealein.de\/index.php?rest_route=\/wp\/v2\/posts\/7009","targetHints":{"allow":["GET"]}}],"collection":[{"href":"http:\/\/www.anthealein.de\/index.php?rest_route=\/wp\/v2\/posts"}],"about":[{"href":"http:\/\/www.anthealein.de\/index.php?rest_route=\/wp\/v2\/types\/post"}],"author":[{"embeddable":true,"href":"http:\/\/www.anthealein.de\/index.php?rest_route=\/wp\/v2\/users\/1"}],"replies":[{"embeddable":true,"href":"http:\/\/www.anthealein.de\/index.php?rest_route=%2Fwp%2Fv2%2Fcomments&post=7009"}],"version-history":[{"count":1,"href":"http:\/\/www.anthealein.de\/index.php?rest_route=\/wp\/v2\/posts\/7009\/revisions"}],"predecessor-version":[{"id":7010,"href":"http:\/\/www.anthealein.de\/index.php?rest_route=\/wp\/v2\/posts\/7009\/revisions\/7010"}],"wp:attachment":[{"href":"http:\/\/www.anthealein.de\/index.php?rest_route=%2Fwp%2Fv2%2Fmedia&parent=7009"}],"wp:term":[{"taxonomy":"category","embeddable":true,"href":"http:\/\/www.anthealein.de\/index.php?rest_route=%2Fwp%2Fv2%2Fcategories&post=7009"},{"taxonomy":"post_tag","embeddable":true,"href":"http:\/\/www.anthealein.de\/index.php?rest_route=%2Fwp%2Fv2%2Ftags&post=7009"}],"curies":[{"name":"wp","href":"https:\/\/api.w.org\/{rel}","templated":true}]}}