{"id":6939,"date":"2012-04-19T20:49:27","date_gmt":"2012-04-19T19:49:27","guid":{"rendered":"http:\/\/www.anthealein.de\/?p=6939"},"modified":"2012-04-19T20:52:27","modified_gmt":"2012-04-19T19:52:27","slug":"erinnert-mich-daran","status":"publish","type":"post","link":"http:\/\/www.anthealein.de\/?p=6939","title":{"rendered":"Erinnert mich daran &hellip;"},"content":{"rendered":"<p align=\"justify\">\u2026 Lena die Fingern\u00e4gel zu stutzen.<\/p>\n<p align=\"justify\">Heute Nachmittag waren wir erst bei der Krankengymnastik. Lena schlief auf dem Weg ein und da es heute Abend sp\u00e4ter bei Schwies werden sollte, war mir das ganz recht und ich lie\u00df sie schlafen und brachte nur kurz Jana rein. Nach der Krankengymnastik musste ich noch schnell bei Lidl Zahnb\u00fcrsten und Zucker holen. Lena war mittlerweile wieder wach (oder so was \u00e4hnliches) und wollte mit rein. <\/p>\n<p align=\"justify\">Ich wollte einen Wagen holen, aber Lena bestand darauf laufen zu wollen. Tja und dann entschied sie sich \u2013 kaum im Laden drin \u2013 anders und wollte doch einen Wagen und ein Br\u00f6tchen wollte sie auch. B\u00f6se Mutter (ich) hielt es f\u00fcr Bl\u00f6dsinn, f\u00fcr eine Packung Zucker und Zahnb\u00fcrsten noch mal vor die T\u00fcr zu rennen und einen Wagen zu holen (zumal sie eh b\u00e4h drauf war und den dann garantiert doch nicht gewollt h\u00e4tte). Hatte einen vorbildlichen Wut-Trotz-Anfall zur Folge und ich glaub, die Kassiererin war ganz froh, uns von hinten zu sehen *g*. Raus wollte Lena aber nicht (Br\u00f6tchen, das sie dank ihres Anfalls nicht bekam und unbedingt wollte), woraufhin ich sie schlie\u00dflich geschnappt und rausgetragen habe. Tja und da kam dann der Teil mit den Fingern\u00e4geln, mich ziert jetzt n\u00e4mlich ein wundersch\u00f6ner Kratzer im Gesicht *seufz*. Und Kinder haben ja Durchhalteverm\u00f6gen. Auch die Treppen nach oben zu Hause durfte ich sie mir unter den Arm klemmen (oder so \u00e4hnlich, ich musste nur alle meine K\u00f6rperteile sch\u00fctzen *g*) und ihr Zimmer sah 15 Minuten sp\u00e4ter ein wenig chaotisch aus. <\/p>\n<p align=\"justify\">Daf\u00fcr wurde ich von ihr \u2013 als wir endlich, endlich nach Pause zu Hause \u2013 bei Oma angekommen waren, die ganze Zeit get\u00e4tschelt und lieb gehabt :herz: . Diese Tobsuchtsanf\u00e4lle sind f\u00fcr die Kleinen selbst ja immer am anstrengendsten und die \u201cKackmama\u201d war dann doch wieder lieb. Und eigentlich kam das gr\u00f6\u00dfte Lob dann von Jana, die mich fragte ob ich bei ihr auch immer so geduldig gewesen w\u00e4re :herz: . War ich <img decoding=\"async\" style=\"border-bottom-style: none; border-left-style: none; border-top-style: none; border-right-style: none\" class=\"wlEmoticon wlEmoticon-openmouthedsmile\" alt=\"Smiley mit ge\u00f6ffnetem Mund\" src=\"http:\/\/www.anthealein.de\/wp-content\/uploads\/2012\/04\/wlEmoticon-openmouthedsmile1.png\" \/> .<\/p>\n<p align=\"justify\">&#160;<\/p>\n<p align=\"center\"><a href=\"http:\/\/www.anthealein.de\/wp-content\/uploads\/2012\/04\/19042012.jpg\"><img loading=\"lazy\" decoding=\"async\" style=\"background-image: none; border-bottom: 0px; border-left: 0px; padding-left: 0px; padding-right: 0px; display: inline; border-top: 0px; border-right: 0px; padding-top: 0px\" title=\"19042012\" border=\"0\" alt=\"19042012\" src=\"http:\/\/www.anthealein.de\/wp-content\/uploads\/2012\/04\/19042012_thumb.jpg\" width=\"504\" height=\"504\" \/><\/a>    <br \/>Geburtstagsst\u00e4ndchen f\u00fcr Oma <img decoding=\"async\" style=\"border-bottom-style: none; border-left-style: none; border-top-style: none; border-right-style: none\" class=\"wlEmoticon wlEmoticon-smile\" alt=\"Smiley\" src=\"http:\/\/www.anthealein.de\/wp-content\/uploads\/2012\/04\/wlEmoticon-smile3.png\" \/><\/p>\n<p align=\"center\">&#160;<\/p>\n<p align=\"center\"><a href=\"http:\/\/www.anthealein.de\/wp-content\/uploads\/2012\/04\/19042012II.jpg\"><img loading=\"lazy\" decoding=\"async\" style=\"background-image: none; border-bottom: 0px; border-left: 0px; padding-left: 0px; padding-right: 0px; display: inline; border-top: 0px; border-right: 0px; padding-top: 0px\" title=\"19042012II\" border=\"0\" alt=\"19042012II\" src=\"http:\/\/www.anthealein.de\/wp-content\/uploads\/2012\/04\/19042012II_thumb.jpg\" width=\"504\" height=\"504\" \/><\/a><\/p>\n<p align=\"center\">&#160;<\/p>\n<p align=\"center\"><a href=\"http:\/\/www.anthealein.de\/wp-content\/uploads\/2012\/04\/19042012III.jpg\"><img loading=\"lazy\" decoding=\"async\" style=\"background-image: none; border-bottom: 0px; border-left: 0px; padding-left: 0px; padding-right: 0px; display: inline; border-top: 0px; border-right: 0px; padding-top: 0px\" title=\"19042012III\" border=\"0\" alt=\"19042012III\" src=\"http:\/\/www.anthealein.de\/wp-content\/uploads\/2012\/04\/19042012III_thumb.jpg\" width=\"504\" height=\"504\" \/><\/a><\/p>\n<p align=\"center\">&#160;<\/p>\n<p align=\"center\">P.S.: V\u00f6llig die Aufl\u00f6sung von gestern vergessen. Ameisen f\u00fcttern. Lena hat Ameisen gef\u00fcttert (und die armen Tierchen dabei fast erschlagen).<\/p>\n","protected":false},"excerpt":{"rendered":"<p>\u2026 Lena die Fingern\u00e4gel zu stutzen. Heute Nachmittag waren wir erst bei der Krankengymnastik. Lena schlief auf dem Weg ein und da es heute Abend sp\u00e4ter bei Schwies werden sollte, war mir das ganz recht und ich lie\u00df sie schlafen und brachte nur kurz Jana rein. Nach der Krankengymnastik musste ich noch schnell bei Lidl [&hellip;]<\/p>\n","protected":false},"author":1,"featured_media":0,"comment_status":"open","ping_status":"open","sticky":false,"template":"","format":"standard","meta":{"footnotes":""},"categories":[3],"tags":[],"class_list":["post-6939","post","type-post","status-publish","format-standard","hentry","category-alles-mogliche"],"_links":{"self":[{"href":"http:\/\/www.anthealein.de\/index.php?rest_route=\/wp\/v2\/posts\/6939","targetHints":{"allow":["GET"]}}],"collection":[{"href":"http:\/\/www.anthealein.de\/index.php?rest_route=\/wp\/v2\/posts"}],"about":[{"href":"http:\/\/www.anthealein.de\/index.php?rest_route=\/wp\/v2\/types\/post"}],"author":[{"embeddable":true,"href":"http:\/\/www.anthealein.de\/index.php?rest_route=\/wp\/v2\/users\/1"}],"replies":[{"embeddable":true,"href":"http:\/\/www.anthealein.de\/index.php?rest_route=%2Fwp%2Fv2%2Fcomments&post=6939"}],"version-history":[{"count":2,"href":"http:\/\/www.anthealein.de\/index.php?rest_route=\/wp\/v2\/posts\/6939\/revisions"}],"predecessor-version":[{"id":6941,"href":"http:\/\/www.anthealein.de\/index.php?rest_route=\/wp\/v2\/posts\/6939\/revisions\/6941"}],"wp:attachment":[{"href":"http:\/\/www.anthealein.de\/index.php?rest_route=%2Fwp%2Fv2%2Fmedia&parent=6939"}],"wp:term":[{"taxonomy":"category","embeddable":true,"href":"http:\/\/www.anthealein.de\/index.php?rest_route=%2Fwp%2Fv2%2Fcategories&post=6939"},{"taxonomy":"post_tag","embeddable":true,"href":"http:\/\/www.anthealein.de\/index.php?rest_route=%2Fwp%2Fv2%2Ftags&post=6939"}],"curies":[{"name":"wp","href":"https:\/\/api.w.org\/{rel}","templated":true}]}}