{"id":693,"date":"2009-02-24T22:40:05","date_gmt":"2009-02-24T20:40:05","guid":{"rendered":"http:\/\/www.anthealein.de\/?p=693"},"modified":"2009-03-30T20:43:38","modified_gmt":"2009-03-30T18:43:38","slug":"soooooo-viel-und-doch-so-wenig","status":"publish","type":"post","link":"http:\/\/www.anthealein.de\/?p=693","title":{"rendered":"Soooooo viel und doch so wenig"},"content":{"rendered":"<p>So ein Mist aber auch, die letzten Tage hab ich andauernd gedacht \u201cdas musst du schreiben\u201d und nu hab ich fast alles vergessen.<\/p>\n<p>Vor einer Woche hatten wir U9 mit Jana und die dritte Impfung f\u00fcr Lena. Lena hat die Impfung gut \u00fcberstanden und auf Jana k\u00f6nnen wir mehr als stolz sein. Ihr Arzt sagte zum Schluss, er w\u00fcrde eigentlich immer was zu beanstanden haben (hatte er bei der U8 auch noch) und sie w\u00e4re erst die zweite dieses Jahr, wo er nichts zu meckern finden w\u00fcrde, im Gegenteil. Sie hat ihm auch brav die Zahlen auf der Sehtafel vorgelesen bis elf und gleich mit den Buchstaben weitergemacht und hat ihn angeschaut als h\u00e4tte er nicht mehr alle Tassen im Schrank als er ihr erst eine Hand hinhielt und wissen wollte, wie viele Finger es w\u00e4ren um ihr dann die f\u00fcnf Finger nochmal verteilt auf zwei H\u00e4nde mit der gleichen Frage hinzuhalten. Auch motorisch war alles prima, er fragte sie sogar, ob sie Ballett machen w\u00fcrde \ud83d\ude00<\/p>\n<p>Lena bleibt ein ewiges Sorgenkind was die Ern\u00e4hrung angeht, die Aptamil AR passt ihr nicht mehr wirklich, mit 1er-Nahrung (nur flaschenweise ausprobiert) spuckt sie aber wieder, Brei geht noch nicht (M\u00f6hrenbrei schon gar nicht, der l\u00f6st Bauchweh aus) *seufz*\u2026 In ein paar Monaten werden wir dar\u00fcber bestimmt lachen und sie alles essen (im Gegensatz zu ihrer m\u00e4keligen Schwester).<\/p>\n<p>Die Wohnung ist hier auch immer noch ein Thema (sieht wohl arg renovierungsbed\u00fcrftig aus laut Chris), das kl\u00e4ren wir n\u00e4chste Woche mit der Vermieterin. Daf\u00fcr ist mir von den zwei Wochen Krankheit nur noch der B\u00e4h-Geschmack geblieben (ist aber schon am abklingen) und meine tauben F\u00fc\u00dfe\/Beine.<\/p>\n<p>Gescrappt hab ich auch gef\u00fchlte Ewigkeiten nicht mehr, nur gestern hatte ich mal wieder Lust:<\/p>\n<p>\u00a0<\/p>\n<p align=\"center\"><a href=\"http:\/\/www.digishoptalk.com\/gallery\/showphoto.php?photo=569113\" target=\"_blank\"><img loading=\"lazy\" decoding=\"async\" style=\"border-top-width: 0px; display: inline; border-left-width: 0px; border-bottom-width: 0px; border-right-width: 0px\" title=\"feb\" src=\"http:\/\/www.anthealein.de\/wp-content\/uploads\/2009\/02\/feb.jpg\" border=\"0\" alt=\"feb\" width=\"504\" height=\"504\" \/><\/a><\/p>\n<p align=\"left\">\u00a0<\/p>\n<p align=\"left\">Jana ist momentan eh eine Marke f\u00fcr sich. Die liebste gro\u00dfe Schwester der Welt (wenn auch ab und zu ein wenig zu st\u00fcrmisch mit Lena), ab und zu eine Megazicke und dann haut sie manchmal Klopper raus, da schlackern mir die Ohren. Beispiel von gestern: \u201cMama, hast du schon WIEDER (man denke sich die Betonung) ein Baby im Bauch?\u201d und das nur, weil ich gestern eine kleine *h\u00fcstel* Hei\u00dfhungerattacke hatte *grummel*. Oder wie sie mit ihrem Kindergartenfreund flirtet, so richtig mit \u00fcber die Schulter l\u00e4cheln und Augenklimpern. Wo ist mein Baby blo\u00df hin?\u00a0<\/p>\n<p align=\"left\">Lena wird immer mehr mein Ebenbild, w\u00e4hrend Jana anscheinend doch was von mir haben muss, schaut man sich das Bild von unserem Flottenman\u00f6ver-Spiel heute an (wir konnten nicht weiterspielen, aber mussten ja eben vergleichen, wie unsere Schiffe standen *g*). Hier also noch ein paar Bilder (f\u00fcr die Verwandtschaft) und ich hoffe, diesmal schneller wieder was schreiben zu k\u00f6nnen (Zeit muss der Mensch haben):<\/p>\n<p align=\"left\">\u00a0<\/p>\n<p align=\"center\"><img loading=\"lazy\" decoding=\"async\" style=\"border-right: 0px; border-top: 0px; display: inline; border-left: 0px; border-bottom: 0px\" title=\"flotten\" src=\"http:\/\/www.anthealein.de\/wp-content\/uploads\/2009\/02\/flotten.jpg\" border=\"0\" alt=\"flotten\" width=\"504\" height=\"504\" \/><\/p>\n<p align=\"center\">Links mein Spiel, rechts Janas<\/p>\n<p align=\"center\">\u00a0<\/p>\n<p align=\"center\"><img loading=\"lazy\" decoding=\"async\" style=\"border-right: 0px; border-top: 0px; display: inline; border-left: 0px; border-bottom: 0px\" title=\"ballerina\" src=\"http:\/\/www.anthealein.de\/wp-content\/uploads\/2009\/02\/ballerina.jpg\" border=\"0\" alt=\"ballerina\" width=\"504\" height=\"504\" \/><\/p>\n<p align=\"center\">Meine Ballerina gestern \ud83d\ude42<\/p>\n<p align=\"center\">\u00a0<\/p>\n<p align=\"center\"><a href=\"http:\/\/www.anthealein.de\/wp-content\/uploads\/2009\/02\/janami.jpg\"><img loading=\"lazy\" decoding=\"async\" style=\"border-right: 0px; border-top: 0px; display: inline; border-left: 0px; border-bottom: 0px\" title=\"janami\" src=\"http:\/\/www.anthealein.de\/wp-content\/uploads\/2009\/02\/janami-thumb.jpg\" border=\"0\" alt=\"janami\" width=\"504\" height=\"504\" \/><\/a><\/p>\n<p align=\"center\">Schon l\u00e4ngst kein Baby mehr *seufz*<\/p>\n<p align=\"center\">\u00a0<\/p>\n<p align=\"center\"><a href=\"http:\/\/www.anthealein.de\/wp-content\/uploads\/2009\/02\/lena.jpg\"><img loading=\"lazy\" decoding=\"async\" style=\"border-right: 0px; border-top: 0px; display: inline; border-left: 0px; border-bottom: 0px\" title=\"lena\" src=\"http:\/\/www.anthealein.de\/wp-content\/uploads\/2009\/02\/lena-thumb.jpg\" border=\"0\" alt=\"lena\" width=\"504\" height=\"504\" \/><\/a><\/p>\n<p align=\"center\">Totally Opa\u2026<\/p>\n<p align=\"center\">\u00a0<\/p>\n<p align=\"center\"><a href=\"http:\/\/www.anthealein.de\/wp-content\/uploads\/2009\/02\/lena2.jpg\"><img loading=\"lazy\" decoding=\"async\" style=\"border-right: 0px; border-top: 0px; display: inline; border-left: 0px; border-bottom: 0px\" title=\"lena2\" src=\"http:\/\/www.anthealein.de\/wp-content\/uploads\/2009\/02\/lena2-thumb.jpg\" border=\"0\" alt=\"lena2\" width=\"504\" height=\"504\" \/><\/a><\/p>\n<p align=\"center\">\u2026und Mama<\/p>\n","protected":false},"excerpt":{"rendered":"<p>So ein Mist aber auch, die letzten Tage hab ich andauernd gedacht \u201cdas musst du schreiben\u201d und nu hab ich fast alles vergessen. Vor einer Woche hatten wir U9 mit Jana und die dritte Impfung f\u00fcr Lena. Lena hat die Impfung gut \u00fcberstanden und auf Jana k\u00f6nnen wir mehr als stolz sein. Ihr Arzt sagte [&hellip;]<\/p>\n","protected":false},"author":1,"featured_media":0,"comment_status":"open","ping_status":"open","sticky":false,"template":"","format":"standard","meta":{"footnotes":""},"categories":[3,4],"tags":[],"class_list":["post-693","post","type-post","status-publish","format-standard","hentry","category-alles-mogliche","category-scraps-und-co"],"_links":{"self":[{"href":"http:\/\/www.anthealein.de\/index.php?rest_route=\/wp\/v2\/posts\/693","targetHints":{"allow":["GET"]}}],"collection":[{"href":"http:\/\/www.anthealein.de\/index.php?rest_route=\/wp\/v2\/posts"}],"about":[{"href":"http:\/\/www.anthealein.de\/index.php?rest_route=\/wp\/v2\/types\/post"}],"author":[{"embeddable":true,"href":"http:\/\/www.anthealein.de\/index.php?rest_route=\/wp\/v2\/users\/1"}],"replies":[{"embeddable":true,"href":"http:\/\/www.anthealein.de\/index.php?rest_route=%2Fwp%2Fv2%2Fcomments&post=693"}],"version-history":[{"count":1,"href":"http:\/\/www.anthealein.de\/index.php?rest_route=\/wp\/v2\/posts\/693\/revisions"}],"predecessor-version":[{"id":712,"href":"http:\/\/www.anthealein.de\/index.php?rest_route=\/wp\/v2\/posts\/693\/revisions\/712"}],"wp:attachment":[{"href":"http:\/\/www.anthealein.de\/index.php?rest_route=%2Fwp%2Fv2%2Fmedia&parent=693"}],"wp:term":[{"taxonomy":"category","embeddable":true,"href":"http:\/\/www.anthealein.de\/index.php?rest_route=%2Fwp%2Fv2%2Fcategories&post=693"},{"taxonomy":"post_tag","embeddable":true,"href":"http:\/\/www.anthealein.de\/index.php?rest_route=%2Fwp%2Fv2%2Ftags&post=693"}],"curies":[{"name":"wp","href":"https:\/\/api.w.org\/{rel}","templated":true}]}}