{"id":6910,"date":"2012-04-16T21:13:17","date_gmt":"2012-04-16T20:13:17","guid":{"rendered":"http:\/\/www.anthealein.de\/?p=6910"},"modified":"2012-04-17T17:29:40","modified_gmt":"2012-04-17T16:29:40","slug":"sollte-ich-mir-sorgen-machen","status":"publish","type":"post","link":"http:\/\/www.anthealein.de\/?p=6910","title":{"rendered":"Sollte ich mir Sorgen machen,"},"content":{"rendered":"<p align=\"justify\">wenn der Mann der mich vor 12 Jahren mit \u201csie sind zu dick\u201d begr\u00fc\u00dfte, mich heute nach meiner Begr\u00fc\u00dfung nur besorgt ansieht und mich fragt, wie es mir geht? Auf meinen fragenden Blick kommentierte er: \u201cSie sind so blass und abgenommen haben Sie doch auch wieder, oder?\u201d. Hmpf. Wie kann ein Mann 4 kg weniger sehen?<\/p>\n<p align=\"justify\">Mein VEP und SEP ist weiterhin jenseits von Gut und B\u00f6se, mit meinem Vorgehen (2. Urologentermin) wegen meiner Niere ist er mehr als einverstanden und hat von sich aus gleich den H\u00f6rer gez\u00fcckt, um die Sprechstundenhilfen die letzten Laborwerte und MRT-Berichte kopieren zu lassen f\u00fcr den Urologen. <\/p>\n<p align=\"justify\">Sollte er mir unheimlich sein? Und von wegen meine letzten Blutwerte waren in Ordnung (Aussage der HA-Praxis). Mein MCV- und mein MCH-Wert waren \u00fcber der Norm, mein MCHC hingegen am unteren Normbereich. Und f\u00fcr die Laborwertekenner: nein, nicht Alkohol. Mein Gamma-GT-Wert ist v\u00f6llig im Normalbereich. So sahen die Werte \u00fcbrigens auch schon im Oktober aus.<\/p>\n<p align=\"justify\">Ansonsten hab ich heute nur den \u00fcblichen Wocheneinkauf erledigt, Jana zum Tanzen gebracht und habe heute Abend beide Kinder alleine ins Bett gebracht, weil Chris F\u00f6rdervereinssitzung hatte.<\/p>\n<p align=\"justify\">&#160;<\/p>\n<p align=\"center\"><a href=\"http:\/\/www.anthealein.de\/wp-content\/uploads\/2012\/04\/16042012.jpg\"><img loading=\"lazy\" decoding=\"async\" style=\"background-image: none; border-bottom: 0px; border-left: 0px; padding-left: 0px; padding-right: 0px; display: inline; border-top: 0px; border-right: 0px; padding-top: 0px\" title=\"16042012\" border=\"0\" alt=\"16042012\" src=\"http:\/\/www.anthealein.de\/wp-content\/uploads\/2012\/04\/16042012_thumb.jpg\" width=\"504\" height=\"504\" \/><\/a>    <br \/>Eine ganz, ganz Liebe aus meinem Forum fragt irgendwann mal nach, ob jemand Interesse an \u201c\u00dcberraschungspaketen\u201d&#160; h\u00e4tte. Ich liebe solche Pakete ja und meldete mich gleich. Und seitdem sind die Pakete DAS Highlight hier bei uns. Den Hermesboten hab ich vor der Haust\u00fcr abgefangen und konnte die Kinder mit M\u00fche und Not davon abhalten, das Paket schon im Treppenhaus aufzumachen. Auch dieses Mal wieder sooooooooo sch\u00f6ne Sachen.<\/p>\n<p align=\"center\">&#160;<\/p>\n<p align=\"left\">Kinder:   <br \/>&#8211; Lena auf dem Weg zu Ikea vor ein paar Tagen. \u201cKomisch, bei mir f\u00e4hrt das Auto schnell und bei Jana so langsam\u201d.    <br \/>&#8211; Kinder in der Badewanne zur Melodie von \u201cAlle meine Entchen\u201d: \u201cAlle meine Mamas stapeln B\u00fccher auf, stapeln B\u00fccher auf. Schauen aus dem Fenster und sind immer gut drauf\u201d.     <\/p>\n","protected":false},"excerpt":{"rendered":"<p>wenn der Mann der mich vor 12 Jahren mit \u201csie sind zu dick\u201d begr\u00fc\u00dfte, mich heute nach meiner Begr\u00fc\u00dfung nur besorgt ansieht und mich fragt, wie es mir geht? Auf meinen fragenden Blick kommentierte er: \u201cSie sind so blass und abgenommen haben Sie doch auch wieder, oder?\u201d. Hmpf. Wie kann ein Mann 4 kg weniger [&hellip;]<\/p>\n","protected":false},"author":1,"featured_media":0,"comment_status":"open","ping_status":"open","sticky":false,"template":"","format":"standard","meta":{"footnotes":""},"categories":[3],"tags":[],"class_list":["post-6910","post","type-post","status-publish","format-standard","hentry","category-alles-mogliche"],"_links":{"self":[{"href":"http:\/\/www.anthealein.de\/index.php?rest_route=\/wp\/v2\/posts\/6910","targetHints":{"allow":["GET"]}}],"collection":[{"href":"http:\/\/www.anthealein.de\/index.php?rest_route=\/wp\/v2\/posts"}],"about":[{"href":"http:\/\/www.anthealein.de\/index.php?rest_route=\/wp\/v2\/types\/post"}],"author":[{"embeddable":true,"href":"http:\/\/www.anthealein.de\/index.php?rest_route=\/wp\/v2\/users\/1"}],"replies":[{"embeddable":true,"href":"http:\/\/www.anthealein.de\/index.php?rest_route=%2Fwp%2Fv2%2Fcomments&post=6910"}],"version-history":[{"count":3,"href":"http:\/\/www.anthealein.de\/index.php?rest_route=\/wp\/v2\/posts\/6910\/revisions"}],"predecessor-version":[{"id":6913,"href":"http:\/\/www.anthealein.de\/index.php?rest_route=\/wp\/v2\/posts\/6910\/revisions\/6913"}],"wp:attachment":[{"href":"http:\/\/www.anthealein.de\/index.php?rest_route=%2Fwp%2Fv2%2Fmedia&parent=6910"}],"wp:term":[{"taxonomy":"category","embeddable":true,"href":"http:\/\/www.anthealein.de\/index.php?rest_route=%2Fwp%2Fv2%2Fcategories&post=6910"},{"taxonomy":"post_tag","embeddable":true,"href":"http:\/\/www.anthealein.de\/index.php?rest_route=%2Fwp%2Fv2%2Ftags&post=6910"}],"curies":[{"name":"wp","href":"https:\/\/api.w.org\/{rel}","templated":true}]}}