{"id":6806,"date":"2012-04-05T22:15:58","date_gmt":"2012-04-05T21:15:58","guid":{"rendered":"http:\/\/www.anthealein.de\/?p=6806"},"modified":"2012-04-05T22:15:58","modified_gmt":"2012-04-05T21:15:58","slug":"was-fr-ein-tag-umfall-3","status":"publish","type":"post","link":"http:\/\/www.anthealein.de\/?p=6806","title":{"rendered":"Was f&uuml;r ein Tag *umfall*"},"content":{"rendered":"<p align=\"justify\">Der Tag begann schon v\u00f6llig verquer mit meinem i-Pod. Ich habe eine Radio-Wecker-App, die auch p\u00fcnktlich um 6 Uhr losr\u00f6delte. Tja, nun hau ich grunds\u00e4tzlich noch 2 Mal auf den Snooze-Button und stehe erst beim 3. Alarm auf. Heute wollte mich die App ver\u00e4ppeln und wach wurde ich erst als Christians Wecker bimmelte. Um 7 Uhr, f\u00fcr mich vieeeeeel zu sp\u00e4t. F\u00fcr die Arbeit zum Gl\u00fcck nicht und so trudelte ich p\u00fcnktlich auf der Arbeit ein.&#160; <\/p>\n<p align=\"justify\">Nach der Arbeit hab ich hier nur schnell gesaugt, Lena umgezogen und dann sah die Planung vor, mich um 15.10 Uhr in Richtung Friseur zu verabschieden. Bedeutete f\u00fcr Jana 20 Minuten alleine zu Hause bis Opa kommen sollte. Merkw\u00fcrdig war das sie anders als sonst, mich nicht fr\u00f6hlich verabschiedete, sondern Lena zig mal knuddeln und k\u00fcssen musste und mich ebenso. Kaum beim Friseur angekommen, war mir klar wieso. Da muss wohl mal wieder der 7. Familiensinn zugeschlagen haben. Kaum beim Friseur angekommen, klingelte mein Handy. Jana, v\u00f6llig aufgel\u00f6st und heulend. Oma h\u00e4tte angerufen, Opa k\u00f6nne sie nicht holen, weil sie (also Oma) einen Unfall gehabt h\u00e4tte und Opa zu ihr m\u00fcsste. Oma hat auch noch vergessen aufzulegen, so dass Jana aufgeregtes Gerede im Hintergrund mitbekam etc. Nun hab ich ja ein richtig gro\u00dfes, selbst\u00e4ndiges M\u00e4dchen und so hat sie mich angerufen (und w\u00e4re, wenn sie mich nicht im Telefonbuch des Telefons gefunden h\u00e4tte, nach unten zur Nachbarin gelaufen). Ich hab sie dann ein wenig beruhigt, versprochen sofort zur\u00fcck zu rufen und erst mal Opa angerufen. Jupp, Oma hatte tats\u00e4chlich Unfall und Opa war tats\u00e4chlich auf dem Weg zu ihr. Also Jana wieder angerufen und ihr gesagt, das ich eben kurz mit Chris kl\u00e4ren w\u00fcrde, ob er frei bekommt (mir war schon klar, das Oma und Opa ihn brauchen k\u00f6nnten) oder ob ich den Friseurbesuch abbreche. Chris angerufen, der sich sofort frei nahm. Jana angerufen, das Papa unterwegs ist. Und noch mal mit Chris gesprochen, der zwischenzeitlich auch schon mit Opa telefoniert hatte und mich auf den neuesten Stand brachte und mir dann auch mitteilte, das er mit Jana auch hinfahren und Oma und Opa fahren m\u00fcsste (Auto musste ja zur Werkstatt und die beiden von dort wieder zur\u00fcck zu Opas Auto). <\/p>\n<p align=\"justify\">Beim Friseur war ich relativ schnell fertig und auch Oma + Opa + Chris + Jana kamen relativ bald. Ich hab schnell noch Essen improvisiert und nu ist wieder Ruhe eingekehrt, wenn auch wieder mit Besuch von der Verwandtschaft. <\/p>\n<p align=\"justify\">Ach ja, Oma ist nichts passiert, das Auto hingegen sieht b\u00f6se aus <img decoding=\"async\" style=\"border-bottom-style: none; border-left-style: none; border-top-style: none; border-right-style: none\" class=\"wlEmoticon wlEmoticon-sadsmile\" alt=\"Trauriges Smiley\" src=\"http:\/\/www.anthealein.de\/wp-content\/uploads\/2012\/04\/wlEmoticon-sadsmile.png\" \/> .<\/p>\n<p align=\"justify\">&#160;<\/p>\n<p align=\"center\"><a href=\"http:\/\/www.anthealein.de\/wp-content\/uploads\/2012\/04\/05042012.jpg\"><img loading=\"lazy\" decoding=\"async\" style=\"background-image: none; border-bottom: 0px; border-left: 0px; padding-left: 0px; padding-right: 0px; display: inline; border-top: 0px; border-right: 0px; padding-top: 0px\" title=\"05042012\" border=\"0\" alt=\"05042012\" src=\"http:\/\/www.anthealein.de\/wp-content\/uploads\/2012\/04\/05042012_thumb.jpg\" width=\"504\" height=\"504\" \/><\/a>    <br \/>Vorher <\/p>\n<p align=\"center\">&#160;<\/p>\n<p align=\"center\"><a href=\"http:\/\/www.anthealein.de\/wp-content\/uploads\/2012\/04\/05042012II.jpg\"><img loading=\"lazy\" decoding=\"async\" style=\"background-image: none; border-bottom: 0px; border-left: 0px; padding-left: 0px; padding-right: 0px; display: inline; border-top: 0px; border-right: 0px; padding-top: 0px\" title=\"05042012II\" border=\"0\" alt=\"05042012II\" src=\"http:\/\/www.anthealein.de\/wp-content\/uploads\/2012\/04\/05042012II_thumb.jpg\" width=\"504\" height=\"504\" \/><\/a>    <br \/>Nachher, halbwegs zerzottelt *g* <\/p>\n<p align=\"center\">&#160;<\/p>\n<p align=\"center\"><a href=\"http:\/\/www.anthealein.de\/wp-content\/uploads\/2012\/04\/05042012III.jpg\"><img loading=\"lazy\" decoding=\"async\" style=\"background-image: none; border-bottom: 0px; border-left: 0px; padding-left: 0px; padding-right: 0px; display: inline; border-top: 0px; border-right: 0px; padding-top: 0px\" title=\"05042012III\" border=\"0\" alt=\"05042012III\" src=\"http:\/\/www.anthealein.de\/wp-content\/uploads\/2012\/04\/05042012III_thumb.jpg\" width=\"504\" height=\"504\" \/><\/a><\/p>\n<p align=\"center\">&#160;<\/p>\n<p align=\"center\"><a href=\"http:\/\/www.anthealein.de\/wp-content\/uploads\/2012\/04\/05042012IV.jpg\"><img loading=\"lazy\" decoding=\"async\" style=\"background-image: none; border-bottom: 0px; border-left: 0px; padding-left: 0px; padding-right: 0px; display: inline; border-top: 0px; border-right: 0px; padding-top: 0px\" title=\"05042012IV\" border=\"0\" alt=\"05042012IV\" src=\"http:\/\/www.anthealein.de\/wp-content\/uploads\/2012\/04\/05042012IV_thumb.jpg\" width=\"504\" height=\"504\" \/><\/a><\/p>\n<p align=\"center\">&#160;<\/p>\n<p align=\"left\">Lena die letzten Tage:   <br \/>&#8211; Vorgestern wollten Jana und Lena ja Ebba und Jack zu Besuch haben. Jana suchte die Nummer im Telefon raus und Lena bestand darauf, zu telefonieren. Und stutzte nicht mal kurz, als sie nicht wie erwartet Melanie sondern den Papa der beiden am Telefon hatte. \u201cHier ist Lena, k\u00f6nnen Ebba und Jack uns besuchen?\u201d t\u00f6nte es ohne auch nur ein Z\u00f6gern in den H\u00f6rer. Mit 3,5 Jahren shock !!!    <br \/>&#8211; Gestern Abend hielt Lena mir eine Dora-DVD hin und fragte mich, ob sie die schauen d\u00fcrfe. Ich vertr\u00f6stete sie, das ich noch eben was machen m\u00fcsse und dann w\u00fcrden wir sehen, ob sie den Film schauen darf. Daraufhin ganz erbost von ihr \u201cMama, das ist kein Film. Das ist eine Serie!\u201d. Recht hat sie.    <br \/>&#8211; Sp\u00e4ter gestern Abend zum Besuch: \u201cWir haben keine Abfalleimer, wir haben M\u00fclleimer!\u201d (mein Onkel hatte ihr gesagt, das der M\u00fcll doch in den Abfalleimer geh\u00f6re) .<\/p>\n","protected":false},"excerpt":{"rendered":"<p>Der Tag begann schon v\u00f6llig verquer mit meinem i-Pod. Ich habe eine Radio-Wecker-App, die auch p\u00fcnktlich um 6 Uhr losr\u00f6delte. Tja, nun hau ich grunds\u00e4tzlich noch 2 Mal auf den Snooze-Button und stehe erst beim 3. Alarm auf. Heute wollte mich die App ver\u00e4ppeln und wach wurde ich erst als Christians Wecker bimmelte. Um 7 [&hellip;]<\/p>\n","protected":false},"author":1,"featured_media":0,"comment_status":"open","ping_status":"open","sticky":false,"template":"","format":"standard","meta":{"footnotes":""},"categories":[3],"tags":[],"class_list":["post-6806","post","type-post","status-publish","format-standard","hentry","category-alles-mogliche"],"_links":{"self":[{"href":"http:\/\/www.anthealein.de\/index.php?rest_route=\/wp\/v2\/posts\/6806","targetHints":{"allow":["GET"]}}],"collection":[{"href":"http:\/\/www.anthealein.de\/index.php?rest_route=\/wp\/v2\/posts"}],"about":[{"href":"http:\/\/www.anthealein.de\/index.php?rest_route=\/wp\/v2\/types\/post"}],"author":[{"embeddable":true,"href":"http:\/\/www.anthealein.de\/index.php?rest_route=\/wp\/v2\/users\/1"}],"replies":[{"embeddable":true,"href":"http:\/\/www.anthealein.de\/index.php?rest_route=%2Fwp%2Fv2%2Fcomments&post=6806"}],"version-history":[{"count":1,"href":"http:\/\/www.anthealein.de\/index.php?rest_route=\/wp\/v2\/posts\/6806\/revisions"}],"predecessor-version":[{"id":6807,"href":"http:\/\/www.anthealein.de\/index.php?rest_route=\/wp\/v2\/posts\/6806\/revisions\/6807"}],"wp:attachment":[{"href":"http:\/\/www.anthealein.de\/index.php?rest_route=%2Fwp%2Fv2%2Fmedia&parent=6806"}],"wp:term":[{"taxonomy":"category","embeddable":true,"href":"http:\/\/www.anthealein.de\/index.php?rest_route=%2Fwp%2Fv2%2Fcategories&post=6806"},{"taxonomy":"post_tag","embeddable":true,"href":"http:\/\/www.anthealein.de\/index.php?rest_route=%2Fwp%2Fv2%2Ftags&post=6806"}],"curies":[{"name":"wp","href":"https:\/\/api.w.org\/{rel}","templated":true}]}}