{"id":679,"date":"2009-02-11T23:11:43","date_gmt":"2009-02-11T21:11:43","guid":{"rendered":"http:\/\/www.anthealein.de\/?p=679"},"modified":"2009-03-30T20:45:21","modified_gmt":"2009-03-30T18:45:21","slug":"viel-zu-tun-und-viel-zu-wenig-zeit","status":"publish","type":"post","link":"http:\/\/www.anthealein.de\/?p=679","title":{"rendered":"Viel zu tun und viel zu wenig Zeit\u2026"},"content":{"rendered":"<p>Wieso zum Geier f\u00e4ngt das Jahr schon so stressig an? Meinetwegen k\u00f6nnte der Tag locker 36 Stunden haben, ich w\u00fcrde trotzdem nicht alles schaffen. Jana und Chris haben ihren jeweiligen Geburtstag gut \u00fcberstanden, nur ich bin schon seit fast 2 Wochen krank. Eine Runde MRT hab ich schon hinter mir: Kopf MRT, sie hat aber auf dem kurzen St\u00fcck HWS das mit drauf ist, einen Herd in der HWS entdeckt der schon auf dem R\u00fcckzug sein soll. Die n\u00e4chste Runde steht mir am 4.3. bevor, dann die HWS um den Herd nochmal genauer anzusehen.<\/p>\n<p>Lena entwickelt sich pr\u00e4chtig und nach nochmaliger Nahrungsumstellung auf Aptamil AR schl\u00e4ft sie zwar nicht mehr durch, aber daf\u00fcr tags\u00fcber mal l\u00e4nger am St\u00fcck. Und: sie hat ihre gro\u00dfe Schwester jetzt so richtig entdeckt und strahlt die andauernd an, es sei denn Jana schmei\u00dft sich mal wieder komplett auf sie drauf *g*<\/p>\n<p>Nachbarn oben sind schon flei\u00dfig am packen und ich hab hier noch nicht mal angefangen :shock_tb:\u00a0 Aber wir m\u00fcssen\/d\u00fcrfen oben ja auch erst renovieren.<\/p>\n<p>Scrappen: Fehlanzeige, die letzten LOs sind schon ein paar Wochen alt, aber zeigen will ich sie trotzdem eben.<\/p>\n<p align=\"center\"><a href=\"http:\/\/www.digishoptalk.com\/gallery\/showphoto.php?photo=539456&amp;ppuser=8489\" target=\"_blank\"><img loading=\"lazy\" decoding=\"async\" style=\"border-right: 0px; border-top: 0px; display: inline; border-left: 0px; border-bottom: 0px\" title=\"this3\" src=\"http:\/\/www.anthealein.de\/wp-content\/uploads\/2009\/02\/this3.jpg\" border=\"0\" alt=\"this3\" width=\"504\" height=\"504\" \/><\/a><\/p>\n<p align=\"center\">\u00a0<\/p>\n<p align=\"center\"><a href=\"http:\/\/www.digishoptalk.com\/gallery\/showphoto.php?photo=530807&amp;ppuser=8489\" target=\"_blank\"><img loading=\"lazy\" decoding=\"async\" style=\"border-right: 0px; border-top: 0px; display: inline; border-left: 0px; border-bottom: 0px\" title=\"behappy18\" src=\"http:\/\/www.anthealein.de\/wp-content\/uploads\/2009\/02\/behappy18.jpg\" border=\"0\" alt=\"behappy18\" width=\"504\" height=\"504\" \/><\/a><\/p>\n","protected":false},"excerpt":{"rendered":"<p>Wieso zum Geier f\u00e4ngt das Jahr schon so stressig an? Meinetwegen k\u00f6nnte der Tag locker 36 Stunden haben, ich w\u00fcrde trotzdem nicht alles schaffen. Jana und Chris haben ihren jeweiligen Geburtstag gut \u00fcberstanden, nur ich bin schon seit fast 2 Wochen krank. Eine Runde MRT hab ich schon hinter mir: Kopf MRT, sie hat aber [&hellip;]<\/p>\n","protected":false},"author":1,"featured_media":0,"comment_status":"open","ping_status":"open","sticky":false,"template":"","format":"standard","meta":{"footnotes":""},"categories":[3,4],"tags":[],"class_list":["post-679","post","type-post","status-publish","format-standard","hentry","category-alles-mogliche","category-scraps-und-co"],"_links":{"self":[{"href":"http:\/\/www.anthealein.de\/index.php?rest_route=\/wp\/v2\/posts\/679","targetHints":{"allow":["GET"]}}],"collection":[{"href":"http:\/\/www.anthealein.de\/index.php?rest_route=\/wp\/v2\/posts"}],"about":[{"href":"http:\/\/www.anthealein.de\/index.php?rest_route=\/wp\/v2\/types\/post"}],"author":[{"embeddable":true,"href":"http:\/\/www.anthealein.de\/index.php?rest_route=\/wp\/v2\/users\/1"}],"replies":[{"embeddable":true,"href":"http:\/\/www.anthealein.de\/index.php?rest_route=%2Fwp%2Fv2%2Fcomments&post=679"}],"version-history":[{"count":4,"href":"http:\/\/www.anthealein.de\/index.php?rest_route=\/wp\/v2\/posts\/679\/revisions"}],"predecessor-version":[{"id":683,"href":"http:\/\/www.anthealein.de\/index.php?rest_route=\/wp\/v2\/posts\/679\/revisions\/683"}],"wp:attachment":[{"href":"http:\/\/www.anthealein.de\/index.php?rest_route=%2Fwp%2Fv2%2Fmedia&parent=679"}],"wp:term":[{"taxonomy":"category","embeddable":true,"href":"http:\/\/www.anthealein.de\/index.php?rest_route=%2Fwp%2Fv2%2Fcategories&post=679"},{"taxonomy":"post_tag","embeddable":true,"href":"http:\/\/www.anthealein.de\/index.php?rest_route=%2Fwp%2Fv2%2Ftags&post=679"}],"curies":[{"name":"wp","href":"https:\/\/api.w.org\/{rel}","templated":true}]}}