{"id":6709,"date":"2012-03-20T21:08:54","date_gmt":"2012-03-20T20:08:54","guid":{"rendered":"http:\/\/www.anthealein.de\/?p=6709"},"modified":"2012-03-20T21:08:54","modified_gmt":"2012-03-20T20:08:54","slug":"murmeltiernchte-2","status":"publish","type":"post","link":"http:\/\/www.anthealein.de\/?p=6709","title":{"rendered":"Murmeltiern&auml;chte &hellip;"},"content":{"rendered":"<p align=\"justify\">\u2026 kann ich auch ganz ohne Lena. Sonntag die letzte Antibiotikatablette genommen und gestern Nachmittag ging es wieder los. Kratzen im Hals, schwerer Kopf, einfach b\u00e4h. Dementsprechend fr\u00fch lag ich im Bett. Gerade eingeschlafen, r\u00fcttelte mich Lena wach und beschwerte sich, das ich sie nicht geh\u00f6rt h\u00e4tte. Also Kissen, Decke und co. geholt, eine Runde mit dem Kind gekuschelt und weitergeschlafen. Eine halbe Stunde sp\u00e4ter: ich muss wohin. Wieder eine halbe Stunde sp\u00e4ter: fr\u00f6stelnd aufgewacht und W\u00e4rmflasche noch mal aufgew\u00e4rmt. Knapp 20 Min. sp\u00e4ter: wieder wohin und mir ist sooooooooooo warm. Fast eine Stunde sp\u00e4ter (juhuuuuuuuu): ich muss wieder und messe im Halbschlaf Fieber weil mir wieder soooooooooo kalt ist. Wie bitte? 38,9? OK, arbeiten knicke ich. Paracetamol eingeschmissen, W\u00e4rmflasche noch mal warm und wieder ins Bett. Eine Stunde sp\u00e4ter: ich muss. Schon wieder! Fieberthermometer nehme ich mit und messe diesmal im hellen Badezimmer. Und stelle dabei fest, das ich vorher das Fieberthermometer aus Versehen auf Fahrenheit umgestellt haben muss. Nix mit 38,9 Grad. 98,9 Fahrenheit hat das Thermometer vorher angezeigt. Der Rest der Nacht verging im Halbschlaf mit Kuschelrunden, Fr\u00f6stelattacken, Nachtschwei\u00df und als der Wecker los ging, brauchte ich erst mal eine Dusche.<\/p>\n<p align=\"justify\">Arbeiten hab ich gut \u00fcberlebt und kaum zu Hause, kam schon Opa. Jana hatte heute Termin beim Orthop\u00e4den und Opa durfte sich derweil mit Lena und den Elektrikern vergn\u00fcgen, die unsere Kabelanlage modernisieren sollen und jede Menge Spa\u00df hier im Haus haben, weil: alles querbeet gelegt. Unser Haus hat unten im Keller eine Kabelanlage, auf dem Dach allerdings auch eine Satellitensch\u00fcssel (von der wirklich keiner was wusste, die aber erkl\u00e4rt, wieso wir im Schlafzimmer andere Sender empfangen als im Wohnzimmer). Noch dazu ist das Nebenhaus mit unserer Anlage verbunden. Testweise haben sie im Keller was abgesteckt: daraufhin hatten wir nur noch auf einer Seite der Wohnung Fernsehen. Morgen soll deren Chef sich das mal anschauen und vor allem entscheiden, was und wie da \u00fcberhaupt gemacht werden kann. Gegen 17 Uhr brachen die Elektriker und Schwiepa auf, um 19 Uhr meldeten die Nachbarn aus dem Nebenhaus, das sie kein Fernsehen haben *g*. Morgen fr\u00fch geht es weiter.<\/p>\n<p align=\"justify\">Kinder heute:   <br \/>&#8211; Jana und Lena spielten beide mit dem i-Pod. Jana probierte sich an einem Lego-Spiel, das Lena immer spielt und kommentierte es, als sie ein Level nicht schaffte. Daraufhin Lena (!): \u201cEinen Moment, ich mach dir das gleich!\u201d.<\/p>\n<p align=\"justify\">&#160;<\/p>\n<p align=\"center\"><a href=\"http:\/\/www.anthealein.de\/wp-content\/uploads\/2012\/03\/20032012.jpg\"><img loading=\"lazy\" decoding=\"async\" style=\"background-image: none; border-bottom: 0px; border-left: 0px; padding-left: 0px; padding-right: 0px; display: inline; border-top: 0px; border-right: 0px; padding-top: 0px\" title=\"20032012\" border=\"0\" alt=\"20032012\" src=\"http:\/\/www.anthealein.de\/wp-content\/uploads\/2012\/03\/20032012_thumb.jpg\" width=\"504\" height=\"504\" \/><\/a><\/p>\n","protected":false},"excerpt":{"rendered":"<p>\u2026 kann ich auch ganz ohne Lena. Sonntag die letzte Antibiotikatablette genommen und gestern Nachmittag ging es wieder los. Kratzen im Hals, schwerer Kopf, einfach b\u00e4h. Dementsprechend fr\u00fch lag ich im Bett. Gerade eingeschlafen, r\u00fcttelte mich Lena wach und beschwerte sich, das ich sie nicht geh\u00f6rt h\u00e4tte. Also Kissen, Decke und co. geholt, eine Runde [&hellip;]<\/p>\n","protected":false},"author":1,"featured_media":0,"comment_status":"open","ping_status":"open","sticky":false,"template":"","format":"standard","meta":{"footnotes":""},"categories":[3],"tags":[],"class_list":["post-6709","post","type-post","status-publish","format-standard","hentry","category-alles-mogliche"],"_links":{"self":[{"href":"http:\/\/www.anthealein.de\/index.php?rest_route=\/wp\/v2\/posts\/6709","targetHints":{"allow":["GET"]}}],"collection":[{"href":"http:\/\/www.anthealein.de\/index.php?rest_route=\/wp\/v2\/posts"}],"about":[{"href":"http:\/\/www.anthealein.de\/index.php?rest_route=\/wp\/v2\/types\/post"}],"author":[{"embeddable":true,"href":"http:\/\/www.anthealein.de\/index.php?rest_route=\/wp\/v2\/users\/1"}],"replies":[{"embeddable":true,"href":"http:\/\/www.anthealein.de\/index.php?rest_route=%2Fwp%2Fv2%2Fcomments&post=6709"}],"version-history":[{"count":1,"href":"http:\/\/www.anthealein.de\/index.php?rest_route=\/wp\/v2\/posts\/6709\/revisions"}],"predecessor-version":[{"id":6710,"href":"http:\/\/www.anthealein.de\/index.php?rest_route=\/wp\/v2\/posts\/6709\/revisions\/6710"}],"wp:attachment":[{"href":"http:\/\/www.anthealein.de\/index.php?rest_route=%2Fwp%2Fv2%2Fmedia&parent=6709"}],"wp:term":[{"taxonomy":"category","embeddable":true,"href":"http:\/\/www.anthealein.de\/index.php?rest_route=%2Fwp%2Fv2%2Fcategories&post=6709"},{"taxonomy":"post_tag","embeddable":true,"href":"http:\/\/www.anthealein.de\/index.php?rest_route=%2Fwp%2Fv2%2Ftags&post=6709"}],"curies":[{"name":"wp","href":"https:\/\/api.w.org\/{rel}","templated":true}]}}