{"id":6659,"date":"2012-03-12T20:52:48","date_gmt":"2012-03-12T19:52:48","guid":{"rendered":"http:\/\/www.anthealein.de\/?p=6659"},"modified":"2012-03-12T20:52:48","modified_gmt":"2012-03-12T19:52:48","slug":"sonst-noch-was","status":"publish","type":"post","link":"http:\/\/www.anthealein.de\/?p=6659","title":{"rendered":"Sonst noch was?"},"content":{"rendered":"<p align=\"justify\">Nasennebenh\u00f6hlenentz\u00fcndung, Kehlkopfentz\u00fcndung und Paukenergu\u00df beidseits war heute die Aussage der HNO-\u00c4rztin. Das \u201cHi\u201d (deutsch ausgesprochen) das sie gerne von mir h\u00f6ren wollte, w\u00e4hrend sie mir mit ihrem Instrument die Zunge runterdr\u00fcckte und in meinen Hals schaute, geriet eher wie ein \u201cH\u00e4rg\u201d und nach drei Aufforderungen habe ich sie dar\u00fcber informiert, das es einfach nicht besser geht (schon gar nicht mit dem Ding im Mund).<\/p>\n<p align=\"justify\">Lena nutzte nat\u00fcrlich die Chance, stellte heute jede Menge Bl\u00f6dsinn an und tat dann immer so, als w\u00fcrde sie mein Gekiekse und Gekr\u00e4chze nicht h\u00f6ren k\u00f6nnen.<\/p>\n<p align=\"center\">&#160;<\/p>\n<p align=\"center\"><a href=\"http:\/\/www.anthealein.de\/wp-content\/uploads\/2012\/03\/12032012.jpg\"><img loading=\"lazy\" decoding=\"async\" style=\"background-image: none; border-bottom: 0px; border-left: 0px; padding-left: 0px; padding-right: 0px; display: inline; border-top: 0px; border-right: 0px; padding-top: 0px\" title=\"12032012\" border=\"0\" alt=\"12032012\" src=\"http:\/\/www.anthealein.de\/wp-content\/uploads\/2012\/03\/12032012_thumb.jpg\" width=\"504\" height=\"504\" \/><\/a><\/p>\n<p align=\"center\">&#160;<\/p>\n<p align=\"center\"><a href=\"http:\/\/www.anthealein.de\/wp-content\/uploads\/2012\/03\/12032012II.jpg\"><img loading=\"lazy\" decoding=\"async\" style=\"background-image: none; border-bottom: 0px; border-left: 0px; padding-left: 0px; padding-right: 0px; display: inline; border-top: 0px; border-right: 0px; padding-top: 0px\" title=\"12032012II\" border=\"0\" alt=\"12032012II\" src=\"http:\/\/www.anthealein.de\/wp-content\/uploads\/2012\/03\/12032012II_thumb.jpg\" width=\"504\" height=\"504\" \/><\/a><\/p>\n","protected":false},"excerpt":{"rendered":"<p>Nasennebenh\u00f6hlenentz\u00fcndung, Kehlkopfentz\u00fcndung und Paukenergu\u00df beidseits war heute die Aussage der HNO-\u00c4rztin. Das \u201cHi\u201d (deutsch ausgesprochen) das sie gerne von mir h\u00f6ren wollte, w\u00e4hrend sie mir mit ihrem Instrument die Zunge runterdr\u00fcckte und in meinen Hals schaute, geriet eher wie ein \u201cH\u00e4rg\u201d und nach drei Aufforderungen habe ich sie dar\u00fcber informiert, das es einfach nicht besser [&hellip;]<\/p>\n","protected":false},"author":1,"featured_media":0,"comment_status":"open","ping_status":"open","sticky":false,"template":"","format":"standard","meta":{"footnotes":""},"categories":[3],"tags":[],"class_list":["post-6659","post","type-post","status-publish","format-standard","hentry","category-alles-mogliche"],"_links":{"self":[{"href":"http:\/\/www.anthealein.de\/index.php?rest_route=\/wp\/v2\/posts\/6659","targetHints":{"allow":["GET"]}}],"collection":[{"href":"http:\/\/www.anthealein.de\/index.php?rest_route=\/wp\/v2\/posts"}],"about":[{"href":"http:\/\/www.anthealein.de\/index.php?rest_route=\/wp\/v2\/types\/post"}],"author":[{"embeddable":true,"href":"http:\/\/www.anthealein.de\/index.php?rest_route=\/wp\/v2\/users\/1"}],"replies":[{"embeddable":true,"href":"http:\/\/www.anthealein.de\/index.php?rest_route=%2Fwp%2Fv2%2Fcomments&post=6659"}],"version-history":[{"count":1,"href":"http:\/\/www.anthealein.de\/index.php?rest_route=\/wp\/v2\/posts\/6659\/revisions"}],"predecessor-version":[{"id":6660,"href":"http:\/\/www.anthealein.de\/index.php?rest_route=\/wp\/v2\/posts\/6659\/revisions\/6660"}],"wp:attachment":[{"href":"http:\/\/www.anthealein.de\/index.php?rest_route=%2Fwp%2Fv2%2Fmedia&parent=6659"}],"wp:term":[{"taxonomy":"category","embeddable":true,"href":"http:\/\/www.anthealein.de\/index.php?rest_route=%2Fwp%2Fv2%2Fcategories&post=6659"},{"taxonomy":"post_tag","embeddable":true,"href":"http:\/\/www.anthealein.de\/index.php?rest_route=%2Fwp%2Fv2%2Ftags&post=6659"}],"curies":[{"name":"wp","href":"https:\/\/api.w.org\/{rel}","templated":true}]}}