{"id":6614,"date":"2012-03-05T21:43:52","date_gmt":"2012-03-05T20:43:52","guid":{"rendered":"http:\/\/www.anthealein.de\/?p=6614"},"modified":"2012-03-05T21:43:52","modified_gmt":"2012-03-05T20:43:52","slug":"fast","status":"publish","type":"post","link":"http:\/\/www.anthealein.de\/?p=6614","title":{"rendered":"Fast &hellip;"},"content":{"rendered":"<p align=\"justify\">\u2026 h\u00e4tte ich alles f\u00fcr heute geplante geschafft. Aber: der Kinderarzttermin dauerte doch l\u00e4nger und so musste mein Arzttermin dran glauben und auf n\u00e4chste Woche verschoben werden.<\/p>\n<p align=\"justify\">Ansonsten habe ich alles geschafft und Lena schwankte den ganzen Tag zwischen gelangweilt\/unterbesch\u00e4ftigt und zickig und sterbenskrank. Frau Doktor fand es v\u00f6llig in Ordnung, das wir gestern noch gewartet haben und verschrieb noch einen Hustensaft und Nurofen. <\/p>\n<p align=\"justify\">Kinder gestern und heute:   <br \/>&#8211; Gestern beim Mittagessen kam die Unterhaltung auf die \u201cEcus\u201d, die im Sommer zu Besuch kommen (\u00dcbersetzung: Ecuadorianer).     <br \/>Lena: \u201cDie kenn ich.\u201d    <br \/>Chris: \u201cNein, die kennst du nicht. Die waren das letzte Mal lange vor deiner Geburt hier.\u201d    <br \/>Lena: \u201cDoch, ich kenne Iglus.\u201d    <br \/>Nach einigem Gekicher ging es weiter \u2026    <br \/>Chris: \u201cNein, die Ecus sind Lars und Brigitte, die kennst du noch nicht.\u201d    <br \/>Lena: \u201cDooohoch, ich kenne Lars. Das ist ein Eisb\u00e4r!\u201d    <br \/>Na, immerhin passte der Zusammenhang zwischen Iglu und Eisb\u00e4r *g*.    <br \/>&#8211; Als wir zu Schwies fahren wollte, kommentierte Jana: \u201cMama f\u00e4hrt besser Auto als du.\u201d (Danke, Kind!)    <br \/>&#8211; Lena: \u201cDu bist die beste Mama der Welt.\u201d    <br \/>&#8211; Lena: \u201cPapas Auto ist aber nicht sehr h\u00fcbsch\u201d<\/p>\n<p align=\"justify\">Und aus der Reihe Mini-Elefant: \u201cMama, k\u00f6nnen wir mal wieder beim Tanzen zuschauen bei dir auf der Arbeit?\u201d \u201cH\u00f6\u00f6\u00f6\u00f6\u00f6\u00f6\u00f6\u00f6\u00f6\u00f6????\u201d Jana musste mir auf die Spr\u00fcnge helfen: Kulturkarussell Ende August. DA hatte sie tats\u00e4chlich die Flamencogruppe tanzen sehen. <\/p>\n<p align=\"justify\">&#160;<\/p>\n<p align=\"center\"><a href=\"http:\/\/www.anthealein.de\/wp-content\/uploads\/2012\/03\/05032012.jpg\"><img loading=\"lazy\" decoding=\"async\" style=\"background-image: none; border-bottom: 0px; border-left: 0px; padding-left: 0px; padding-right: 0px; display: inline; border-top: 0px; border-right: 0px; padding-top: 0px\" title=\"05032012\" border=\"0\" alt=\"05032012\" src=\"http:\/\/www.anthealein.de\/wp-content\/uploads\/2012\/03\/05032012_thumb.jpg\" width=\"504\" height=\"504\" \/><\/a><\/p>\n","protected":false},"excerpt":{"rendered":"<p>\u2026 h\u00e4tte ich alles f\u00fcr heute geplante geschafft. Aber: der Kinderarzttermin dauerte doch l\u00e4nger und so musste mein Arzttermin dran glauben und auf n\u00e4chste Woche verschoben werden. Ansonsten habe ich alles geschafft und Lena schwankte den ganzen Tag zwischen gelangweilt\/unterbesch\u00e4ftigt und zickig und sterbenskrank. Frau Doktor fand es v\u00f6llig in Ordnung, das wir gestern noch [&hellip;]<\/p>\n","protected":false},"author":1,"featured_media":0,"comment_status":"open","ping_status":"open","sticky":false,"template":"","format":"standard","meta":{"footnotes":""},"categories":[3],"tags":[],"class_list":["post-6614","post","type-post","status-publish","format-standard","hentry","category-alles-mogliche"],"_links":{"self":[{"href":"http:\/\/www.anthealein.de\/index.php?rest_route=\/wp\/v2\/posts\/6614","targetHints":{"allow":["GET"]}}],"collection":[{"href":"http:\/\/www.anthealein.de\/index.php?rest_route=\/wp\/v2\/posts"}],"about":[{"href":"http:\/\/www.anthealein.de\/index.php?rest_route=\/wp\/v2\/types\/post"}],"author":[{"embeddable":true,"href":"http:\/\/www.anthealein.de\/index.php?rest_route=\/wp\/v2\/users\/1"}],"replies":[{"embeddable":true,"href":"http:\/\/www.anthealein.de\/index.php?rest_route=%2Fwp%2Fv2%2Fcomments&post=6614"}],"version-history":[{"count":1,"href":"http:\/\/www.anthealein.de\/index.php?rest_route=\/wp\/v2\/posts\/6614\/revisions"}],"predecessor-version":[{"id":6615,"href":"http:\/\/www.anthealein.de\/index.php?rest_route=\/wp\/v2\/posts\/6614\/revisions\/6615"}],"wp:attachment":[{"href":"http:\/\/www.anthealein.de\/index.php?rest_route=%2Fwp%2Fv2%2Fmedia&parent=6614"}],"wp:term":[{"taxonomy":"category","embeddable":true,"href":"http:\/\/www.anthealein.de\/index.php?rest_route=%2Fwp%2Fv2%2Fcategories&post=6614"},{"taxonomy":"post_tag","embeddable":true,"href":"http:\/\/www.anthealein.de\/index.php?rest_route=%2Fwp%2Fv2%2Ftags&post=6614"}],"curies":[{"name":"wp","href":"https:\/\/api.w.org\/{rel}","templated":true}]}}