{"id":6534,"date":"2012-02-20T21:12:57","date_gmt":"2012-02-20T20:12:57","guid":{"rendered":"http:\/\/www.anthealein.de\/?p=6534"},"modified":"2012-02-20T21:12:57","modified_gmt":"2012-02-20T20:12:57","slug":"ha-3","status":"publish","type":"post","link":"http:\/\/www.anthealein.de\/?p=6534","title":{"rendered":"Ha!"},"content":{"rendered":"<p align=\"justify\">Ich wusste, ich bin gut *g*. <\/p>\n<p align=\"justify\">Heute morgen fing der Tag schon um 7 Uhr an, obwohl Lena und ich erst um 8.30 Uhr im Kiga sein sollten. Lange, lange mit ihr diskutiert \u00fcber ihr Kost\u00fcm, aber das Kind ist ja stur und wollte partout so gehen, wie sie dann ging. P\u00fcnktlich trafen wir uns im Kiga und organisierten das Fr\u00fchst\u00fcck und wurden eine knappe Stunde sp\u00e4ter von begeisterten Kommentaren der Kinder belohnt. Nachdem die erste Welle durch war, wollten die anderen M\u00fctter in Ruhe Tee trinken und den Kindern noch nachlegen und ich sah zu, das ich zum Neuro kam. Kaum wieder zur\u00fcck hie\u00df es schon Jana und Lena abholen.<\/p>\n<p align=\"justify\">Fix das N\u00f6tigste hier gemacht und wieder ging es weiter. Edeka mit den Kindern erledigt, die K\u00fchlsachen nach Hause gefahren, Jana zum Tanzen gebracht, Lidl erledigt und mit Lena zur Altenwohnanlage losgefahren. Da es dort keinen richtig gro\u00dfen Raum gibt, durften die Kinder 3x 4 T\u00e4nze tanzen und von einem Aufenthaltsraum zum n\u00e4chsten Aufenthaltsraum wandern. Dementsprechend lange dauerte das Ganze dann auch und so kamen wir gerade noch p\u00fcnktlich in die Tanzschule um Jana beim letzten Durchlauf zuzusehen. Und ich bef\u00fcrchte: die n\u00e4chsten Montage werden lang in der Tanzschule. Morgens Zumba f\u00fcr mich und nachmittags 2 Stunden Tanzen f\u00fcr Jana, wenn sie diesmal wirklich beim steppen bleibt. <\/p>\n<p align=\"justify\">Auf dem Weg nach Hause hielten wir noch bei Netto und p\u00fcnktlich trafen wir mit Chris zusammen hier ein, so dass er helfen konnte beim hochtragen.<\/p>\n<p align=\"justify\">Lena heute:   <br \/>&#8211; der Zwerg ist eindeutig einf\u00fchlsamer als ihre Schwester. In der Altenwohnanlage haben die Kinder vor demenzkranken Senioren getanzt. Und irgendwie erinnerte mich die eine Frau an Papa. Prompt h\u00f6rte Lena auf zu tanzen (als h\u00e4tte sie es gerochen), rannte kurz zu mir, dr\u00fcckte mir ein K\u00fcsschen auf die Wange und rannte wieder zur\u00fcck :herz: .     <br \/>&#8211; auf dem Weg zum Auto freute sie sich \u00fcber die kleine T\u00fcte mit S\u00fc\u00dfigkeiten, die alle Kinder von einer Mitarbeiterin bekommen hatten. Ich erkl\u00e4rte ihr, das die T\u00fcte ein kleines Dankesch\u00f6n w\u00e4re, weil sie so sch\u00f6n getanzt h\u00e4tten. Sie darauf: \u201cHaben wir doch gern gemacht!\u201d (wen h\u00f6re ich da blo\u00df?).<\/p>\n<p align=\"justify\">&#160;<\/p>\n<p align=\"center\"><a href=\"http:\/\/www.anthealein.de\/wp-content\/uploads\/2012\/02\/20022012.jpg\"><img loading=\"lazy\" decoding=\"async\" style=\"background-image: none; border-bottom: 0px; border-left: 0px; padding-left: 0px; padding-right: 0px; display: inline; border-top: 0px; border-right: 0px; padding-top: 0px\" title=\"20022012\" border=\"0\" alt=\"20022012\" src=\"http:\/\/www.anthealein.de\/wp-content\/uploads\/2012\/02\/20022012_thumb.jpg\" width=\"504\" height=\"504\" \/><\/a><\/p>\n<p align=\"center\">&#160;<\/p>\n<p align=\"center\"><a href=\"http:\/\/www.anthealein.de\/wp-content\/uploads\/2012\/02\/20022012II.jpg\"><img loading=\"lazy\" decoding=\"async\" style=\"background-image: none; border-bottom: 0px; border-left: 0px; padding-left: 0px; padding-right: 0px; display: inline; border-top: 0px; border-right: 0px; padding-top: 0px\" title=\"20022012II\" border=\"0\" alt=\"20022012II\" src=\"http:\/\/www.anthealein.de\/wp-content\/uploads\/2012\/02\/20022012II_thumb.jpg\" width=\"337\" height=\"504\" \/><\/a><\/p>\n<p align=\"center\">&#160;<\/p>\n<p align=\"center\"><a href=\"http:\/\/www.anthealein.de\/wp-content\/uploads\/2012\/02\/20022012III.jpg\"><img loading=\"lazy\" decoding=\"async\" style=\"background-image: none; border-bottom: 0px; border-left: 0px; padding-left: 0px; padding-right: 0px; display: inline; border-top: 0px; border-right: 0px; padding-top: 0px\" title=\"20022012III\" border=\"0\" alt=\"20022012III\" src=\"http:\/\/www.anthealein.de\/wp-content\/uploads\/2012\/02\/20022012III_thumb.jpg\" width=\"504\" height=\"504\" \/><\/a><\/p>\n<p align=\"center\">&#160;<\/p>\n<p align=\"center\"><a href=\"http:\/\/www.anthealein.de\/wp-content\/uploads\/2012\/02\/20022012IV.jpg\"><img loading=\"lazy\" decoding=\"async\" style=\"background-image: none; border-bottom: 0px; border-left: 0px; padding-left: 0px; padding-right: 0px; display: inline; border-top: 0px; border-right: 0px; padding-top: 0px\" title=\"20022012IV\" border=\"0\" alt=\"20022012IV\" src=\"http:\/\/www.anthealein.de\/wp-content\/uploads\/2012\/02\/20022012IV_thumb.jpg\" width=\"504\" height=\"504\" \/><\/a>    <br \/>Meine Ballett-Elfe-Fee-Irgendwas *g*<\/p>\n<p align=\"center\">&#160;<\/p>\n<p align=\"center\"><a href=\"http:\/\/www.anthealein.de\/wp-content\/uploads\/2012\/02\/20022012V.jpg\"><img loading=\"lazy\" decoding=\"async\" style=\"background-image: none; border-bottom: 0px; border-left: 0px; padding-left: 0px; padding-right: 0px; display: inline; border-top: 0px; border-right: 0px; padding-top: 0px\" title=\"20022012V\" border=\"0\" alt=\"20022012V\" src=\"http:\/\/www.anthealein.de\/wp-content\/uploads\/2012\/02\/20022012V_thumb.jpg\" width=\"504\" height=\"504\" \/><\/a><\/p>\n","protected":false},"excerpt":{"rendered":"<p>Ich wusste, ich bin gut *g*. Heute morgen fing der Tag schon um 7 Uhr an, obwohl Lena und ich erst um 8.30 Uhr im Kiga sein sollten. Lange, lange mit ihr diskutiert \u00fcber ihr Kost\u00fcm, aber das Kind ist ja stur und wollte partout so gehen, wie sie dann ging. P\u00fcnktlich trafen wir uns [&hellip;]<\/p>\n","protected":false},"author":1,"featured_media":0,"comment_status":"open","ping_status":"open","sticky":false,"template":"","format":"standard","meta":{"footnotes":""},"categories":[3],"tags":[],"class_list":["post-6534","post","type-post","status-publish","format-standard","hentry","category-alles-mogliche"],"_links":{"self":[{"href":"http:\/\/www.anthealein.de\/index.php?rest_route=\/wp\/v2\/posts\/6534","targetHints":{"allow":["GET"]}}],"collection":[{"href":"http:\/\/www.anthealein.de\/index.php?rest_route=\/wp\/v2\/posts"}],"about":[{"href":"http:\/\/www.anthealein.de\/index.php?rest_route=\/wp\/v2\/types\/post"}],"author":[{"embeddable":true,"href":"http:\/\/www.anthealein.de\/index.php?rest_route=\/wp\/v2\/users\/1"}],"replies":[{"embeddable":true,"href":"http:\/\/www.anthealein.de\/index.php?rest_route=%2Fwp%2Fv2%2Fcomments&post=6534"}],"version-history":[{"count":1,"href":"http:\/\/www.anthealein.de\/index.php?rest_route=\/wp\/v2\/posts\/6534\/revisions"}],"predecessor-version":[{"id":6535,"href":"http:\/\/www.anthealein.de\/index.php?rest_route=\/wp\/v2\/posts\/6534\/revisions\/6535"}],"wp:attachment":[{"href":"http:\/\/www.anthealein.de\/index.php?rest_route=%2Fwp%2Fv2%2Fmedia&parent=6534"}],"wp:term":[{"taxonomy":"category","embeddable":true,"href":"http:\/\/www.anthealein.de\/index.php?rest_route=%2Fwp%2Fv2%2Fcategories&post=6534"},{"taxonomy":"post_tag","embeddable":true,"href":"http:\/\/www.anthealein.de\/index.php?rest_route=%2Fwp%2Fv2%2Ftags&post=6534"}],"curies":[{"name":"wp","href":"https:\/\/api.w.org\/{rel}","templated":true}]}}