{"id":6503,"date":"2012-02-18T20:42:05","date_gmt":"2012-02-18T19:42:05","guid":{"rendered":"http:\/\/www.anthealein.de\/?p=6503"},"modified":"2012-02-18T20:42:05","modified_gmt":"2012-02-18T19:42:05","slug":"fertihiiiisch","status":"publish","type":"post","link":"http:\/\/www.anthealein.de\/?p=6503","title":{"rendered":"Fertihiiiisch &hellip;"},"content":{"rendered":"<p align=\"justify\">ist die Deko im Kindergarten <img decoding=\"async\" style=\"border-bottom-style: none; border-left-style: none; border-top-style: none; border-right-style: none\" class=\"wlEmoticon wlEmoticon-smile\" alt=\"Smiley\" src=\"http:\/\/www.anthealein.de\/wp-content\/uploads\/2012\/02\/wlEmoticon-smile1.png\" \/> . Wir m\u00fcssen ja Montag das Karnevalsfr\u00fchst\u00fcck organisieren. Das Karnevalsfr\u00fchst\u00fcck ist das einzige Fr\u00fchst\u00fcck, das an einem Montag stattfindet, weshalb ich es jetzt schon zum 4. Mal mitgestalte. N\u00e4chstes Jahr \u2013 hab ich mir vorgenommen \u2013 nehme ich extra Urlaub f\u00fcr eines der anderen Fr\u00fchst\u00fccke, damit ich mal nicht schm\u00fccken muss. <\/p>\n<p align=\"justify\">F\u00fcr mich hie\u00df es nach der Arbeit also: schnell und kurz nach oben und dann traf ich mich schon mit Melanie unten und durfte mich mit hartn\u00e4ckigen W\u00e4nden und noch hartn\u00e4ckigeren Stecknadeln rumschlagen. Daf\u00fcr haben wir die K\u00fcche aber auch wirklich richtig toll geschm\u00fcckt *find*. Montag gibt es Bilder davon <img decoding=\"async\" style=\"border-bottom-style: none; border-left-style: none; border-top-style: none; border-right-style: none\" class=\"wlEmoticon wlEmoticon-winkingsmile\" alt=\"Zwinkerndes Smiley\" src=\"http:\/\/www.anthealein.de\/wp-content\/uploads\/2012\/02\/wlEmoticon-winkingsmile3.png\" \/> .<\/p>\n<p align=\"justify\">&#160;<\/p>\n<p align=\"center\"><a href=\"http:\/\/www.anthealein.de\/wp-content\/uploads\/2012\/02\/18022012.jpg\"><img loading=\"lazy\" decoding=\"async\" style=\"background-image: none; border-bottom: 0px; border-left: 0px; padding-left: 0px; padding-right: 0px; display: inline; border-top: 0px; border-right: 0px; padding-top: 0px\" title=\"18022012\" border=\"0\" alt=\"18022012\" src=\"http:\/\/www.anthealein.de\/wp-content\/uploads\/2012\/02\/18022012_thumb.jpg\" width=\"404\" height=\"504\" \/><\/a><\/p>\n","protected":false},"excerpt":{"rendered":"<p>ist die Deko im Kindergarten . Wir m\u00fcssen ja Montag das Karnevalsfr\u00fchst\u00fcck organisieren. Das Karnevalsfr\u00fchst\u00fcck ist das einzige Fr\u00fchst\u00fcck, das an einem Montag stattfindet, weshalb ich es jetzt schon zum 4. Mal mitgestalte. N\u00e4chstes Jahr \u2013 hab ich mir vorgenommen \u2013 nehme ich extra Urlaub f\u00fcr eines der anderen Fr\u00fchst\u00fccke, damit ich mal nicht schm\u00fccken [&hellip;]<\/p>\n","protected":false},"author":1,"featured_media":0,"comment_status":"open","ping_status":"open","sticky":false,"template":"","format":"standard","meta":{"footnotes":""},"categories":[3],"tags":[],"class_list":["post-6503","post","type-post","status-publish","format-standard","hentry","category-alles-mogliche"],"_links":{"self":[{"href":"http:\/\/www.anthealein.de\/index.php?rest_route=\/wp\/v2\/posts\/6503","targetHints":{"allow":["GET"]}}],"collection":[{"href":"http:\/\/www.anthealein.de\/index.php?rest_route=\/wp\/v2\/posts"}],"about":[{"href":"http:\/\/www.anthealein.de\/index.php?rest_route=\/wp\/v2\/types\/post"}],"author":[{"embeddable":true,"href":"http:\/\/www.anthealein.de\/index.php?rest_route=\/wp\/v2\/users\/1"}],"replies":[{"embeddable":true,"href":"http:\/\/www.anthealein.de\/index.php?rest_route=%2Fwp%2Fv2%2Fcomments&post=6503"}],"version-history":[{"count":1,"href":"http:\/\/www.anthealein.de\/index.php?rest_route=\/wp\/v2\/posts\/6503\/revisions"}],"predecessor-version":[{"id":6504,"href":"http:\/\/www.anthealein.de\/index.php?rest_route=\/wp\/v2\/posts\/6503\/revisions\/6504"}],"wp:attachment":[{"href":"http:\/\/www.anthealein.de\/index.php?rest_route=%2Fwp%2Fv2%2Fmedia&parent=6503"}],"wp:term":[{"taxonomy":"category","embeddable":true,"href":"http:\/\/www.anthealein.de\/index.php?rest_route=%2Fwp%2Fv2%2Fcategories&post=6503"},{"taxonomy":"post_tag","embeddable":true,"href":"http:\/\/www.anthealein.de\/index.php?rest_route=%2Fwp%2Fv2%2Ftags&post=6503"}],"curies":[{"name":"wp","href":"https:\/\/api.w.org\/{rel}","templated":true}]}}