{"id":610,"date":"2008-07-18T21:43:28","date_gmt":"2008-07-18T19:43:28","guid":{"rendered":"http:\/\/www.anthealein.de\/?p=610"},"modified":"2008-07-18T21:45:38","modified_gmt":"2008-07-18T19:45:38","slug":"nestbautrieb","status":"publish","type":"post","link":"http:\/\/www.anthealein.de\/?p=610","title":{"rendered":"Nestbautrieb&#8230;"},"content":{"rendered":"<p>&#8230; oder auch Langeweile pur &#8230;<\/p>\n<p align=\"center\">&nbsp;<\/p>\n<p>Letzten Sonntag morgen hier im Haus: Karin schaut sich nach dem Aufwachen im Schlafzimmer um und denkt sich still und leise, das sie ja schon mal anfangen k\u00f6nnte mit dem Umr\u00e4umen\/Ausr\u00e4umen.<\/p>\n<p align=\"center\">&nbsp;<\/p>\n<p>Da war aber auch noch die B\u00fcgelw\u00e4sche, die mich schon seit Tagen anbr\u00fcllte, also: 2 Stunden b\u00fcgeln statt umr\u00e4umen. Beim Wegr\u00e4umen der W\u00e4sche fiel mein Blick jedoch in den W\u00e4scheschrank und kurzentschlossen r\u00e4umte ich den aus und wieder ein inkl. ausmisten.\u00a0 Und weil ich doch gerade dabei war, nahm ich mir dann auch gleich\u00a0meinen Nachttisch und die Wickelkommode vor (wir hatten vor ewigen Zeiten meine Kommode und Janas Wickelkommode getauscht, weil meine niedriger ist und unter ihr Hochbett pa\u00dft).\u00a0Meinen Nachttisch ausgem\u00fcllt und die untere Schublade f\u00fcr den Schmuck und anderen Kleinkram aus der Kommode freiger\u00e4umt, dann die Kommode ausgeleert. Jede Menge B\u00fccher sind zum Altpapier gewandert, die anderen B\u00fccher hab ich erstmal wieder einger\u00e4umt mangels Karton um sie f\u00fcr den Keller zu verpacken. Und als w\u00e4re das nicht genug, wollte ich den Deckenstapel neben meinem Nachttisch dann auch noch loswerden. Also: Kleiderschrank auf und festgestellt, das da ja noch Platz gewesen w\u00e4re, w\u00e4re da nicht der Pampers Karton mit den Babyklamotten drin gewesen. Die Gl\u00fchbirne \u00fcber meinem Kopf hat man bestimmt leuchten sehen, als ich von dem Pampers Karton zu der Kommode mit den B\u00fcchern schaute. Also auch noch schnell die B\u00fccher in den Karton, die Babysachen sortiert und einger\u00e4umt in die Kommode. Et voila: eine f\u00fcrs Baby fertige Kommode \ud83d\ude00<\/p>\n<p align=\"center\">&nbsp;<\/p>\n<p>Teil 2 kam dann Montag: unser Bett mu\u00dfte weiter ans Fenster ger\u00fcckt werden. Keine Angst, meine Nichte hat mir beim schieben geholfen, ich mu\u00dfte nichts Schweres schleppen. Jetzt steht also alles fast so, wie es stehen sollte und: es passen nicht Kinderbett\u00a0UND Wickelkommode rein. Zum Gl\u00fcck gibt es ja Ebay und ich hab schnell einen Stubenwagen ergattert, den wir dann morgen abholen werden. F\u00fcr die ersten 3-4 Monate wird der es tun und bis sp\u00e4testens dann sollten wir ja umgezogen sein.<\/p>\n<p align=\"center\">&nbsp;<\/p>\n<p align=\"center\">\u00a0<a target=\"_blank\" href=\"http:\/\/www.digishoptalk.com\/gallery\/showphoto.php?photo=381017&amp;ppuser=8489\"><img decoding=\"async\" src=\"http:\/\/www.anthealein.de\/wp-content\/uploads\/2008\/07\/madewish.jpg\" alt=\"madewish.jpg\" \/><\/a><\/p>\n<p align=\"center\">&nbsp;<\/p>\n<p align=\"center\"><a target=\"_blank\" href=\"http:\/\/www.digishoptalk.com\/gallery\/showphoto.php?photo=379422&amp;ppuser=8489\"><img decoding=\"async\" src=\"http:\/\/www.anthealein.de\/wp-content\/uploads\/2008\/07\/happiness.jpg\" alt=\"happiness.jpg\" \/><\/a><\/p>\n<p align=\"center\">&nbsp;<\/p>\n<p align=\"center\"><a target=\"_blank\" href=\"http:\/\/www.digishoptalk.com\/gallery\/showphoto.php?photo=379413&amp;ppuser=8489\"><img decoding=\"async\" src=\"http:\/\/www.anthealein.de\/wp-content\/uploads\/2008\/07\/laughterg.jpg\" alt=\"laughterg.jpg\" \/><\/a><\/p>\n<p align=\"center\">&nbsp;<\/p>\n<p align=\"center\"><a target=\"_blank\" href=\"http:\/\/www.digishoptalk.com\/gallery\/showphoto.php?photo=375149&amp;ppuser=8489\"><img decoding=\"async\" src=\"http:\/\/www.anthealein.de\/wp-content\/uploads\/2008\/07\/janabirth.jpg\" alt=\"janabirth.jpg\" \/><\/a><\/p>\n","protected":false},"excerpt":{"rendered":"<p>&#8230; oder auch Langeweile pur &#8230; &nbsp; Letzten Sonntag morgen hier im Haus: Karin schaut sich nach dem Aufwachen im Schlafzimmer um und denkt sich still und leise, das sie ja schon mal anfangen k\u00f6nnte mit dem Umr\u00e4umen\/Ausr\u00e4umen. &nbsp; Da war aber auch noch die B\u00fcgelw\u00e4sche, die mich schon seit Tagen anbr\u00fcllte, also: 2 Stunden [&hellip;]<\/p>\n","protected":false},"author":1,"featured_media":0,"comment_status":"open","ping_status":"open","sticky":false,"template":"","format":"standard","meta":{"footnotes":""},"categories":[4],"tags":[],"class_list":["post-610","post","type-post","status-publish","format-standard","hentry","category-scraps-und-co"],"_links":{"self":[{"href":"http:\/\/www.anthealein.de\/index.php?rest_route=\/wp\/v2\/posts\/610","targetHints":{"allow":["GET"]}}],"collection":[{"href":"http:\/\/www.anthealein.de\/index.php?rest_route=\/wp\/v2\/posts"}],"about":[{"href":"http:\/\/www.anthealein.de\/index.php?rest_route=\/wp\/v2\/types\/post"}],"author":[{"embeddable":true,"href":"http:\/\/www.anthealein.de\/index.php?rest_route=\/wp\/v2\/users\/1"}],"replies":[{"embeddable":true,"href":"http:\/\/www.anthealein.de\/index.php?rest_route=%2Fwp%2Fv2%2Fcomments&post=610"}],"version-history":[{"count":0,"href":"http:\/\/www.anthealein.de\/index.php?rest_route=\/wp\/v2\/posts\/610\/revisions"}],"wp:attachment":[{"href":"http:\/\/www.anthealein.de\/index.php?rest_route=%2Fwp%2Fv2%2Fmedia&parent=610"}],"wp:term":[{"taxonomy":"category","embeddable":true,"href":"http:\/\/www.anthealein.de\/index.php?rest_route=%2Fwp%2Fv2%2Fcategories&post=610"},{"taxonomy":"post_tag","embeddable":true,"href":"http:\/\/www.anthealein.de\/index.php?rest_route=%2Fwp%2Fv2%2Ftags&post=610"}],"curies":[{"name":"wp","href":"https:\/\/api.w.org\/{rel}","templated":true}]}}