{"id":606,"date":"2008-07-10T10:48:21","date_gmt":"2008-07-10T08:48:21","guid":{"rendered":"http:\/\/www.anthealein.de\/?p=606"},"modified":"2008-09-01T11:09:42","modified_gmt":"2008-09-01T09:09:42","slug":"tage-die-man-braucht","status":"publish","type":"post","link":"http:\/\/www.anthealein.de\/?p=606","title":{"rendered":"Tage die man braucht&#8230;"},"content":{"rendered":"<p>fangen schon sch\u00f6n an und gehen hoffentlich so weiter &#8230;<\/p>\n<p align=\"center\">\u00a0<\/p>\n<p>Heute morgen 5.40 Uhr: ein kleiner Zwerg schleicht sich in unser Bett (ohne uns wecken zu wollen\u00a0*merkelig*\u00a0). Nachdem ich ihr im Halbschlaf ein wenig von meiner Decke geg\u00f6nnt habe, wird mir zum Dank mein Nacken gekrault und der kleine Zwerg schmust sich an mich. Hach, kann das Aufwachen sch\u00f6n sein \ud83d\ude42<\/p>\n<p align=\"center\">\u00a0<\/p>\n<p>Ansonsten ruhe ich, ruhe, ruhe und ruhe nochmals. Lena h\u00e4lt von ruhen eher weniger und scheint mich von innen renovieren zu wollen. Jana h\u00e4lt von ruhen auch weniger und qu\u00e4lt mich zur Strafe jetzt mit s\u00e4mtlichem Spielzeug, dem ich vorher mit langen Spazierg\u00e4ngen aus dem Weg gegangen bin. Polly Pocket mu\u00dfte ich zum Gl\u00fcck noch nicht spielen, aber Barbie, Playmobil, Mini-L\u00fck (das macht ja noch Spa\u00df) und Mutter-Kind(er) ohne Ende.<\/p>\n<p align=\"center\">\u00a0<\/p>\n<p align=\"center\"><a href=\"http:\/\/www.digishoptalk.com\/gallery\/showphoto.php?photo=373812&amp;ppuser=8489\" target=\"_blank\"><img decoding=\"async\" src=\"http:\/\/www.anthealein.de\/wp-content\/uploads\/2008\/07\/may20084.jpg\" alt=\"may20084.jpg\" \/><\/a><\/p>\n<p align=\"center\">\u00a0<\/p>\n<p align=\"center\"><a href=\"http:\/\/www.digishoptalk.com\/gallery\/showphoto.php?photo=373734&amp;ppuser=8489\" target=\"_blank\"><img decoding=\"async\" src=\"http:\/\/www.anthealein.de\/wp-content\/uploads\/2008\/07\/beachgirl2.jpg\" alt=\"beachgirl2.jpg\" \/><\/a><\/p>\n<p align=\"center\">\u00a0<\/p>\n<p align=\"center\"><a href=\"http:\/\/www.digishoptalk.com\/gallery\/showphoto.php?photo=372897&amp;ppuser=8489\" target=\"_blank\"><img decoding=\"async\" src=\"http:\/\/www.anthealein.de\/wp-content\/uploads\/2008\/07\/funnyyou.jpg\" alt=\"funnyyou.jpg\" \/><\/a><\/p>\n","protected":false},"excerpt":{"rendered":"<p>fangen schon sch\u00f6n an und gehen hoffentlich so weiter &#8230; \u00a0 Heute morgen 5.40 Uhr: ein kleiner Zwerg schleicht sich in unser Bett (ohne uns wecken zu wollen\u00a0*merkelig*\u00a0). Nachdem ich ihr im Halbschlaf ein wenig von meiner Decke geg\u00f6nnt habe, wird mir zum Dank mein Nacken gekrault und der kleine Zwerg schmust sich an mich. [&hellip;]<\/p>\n","protected":false},"author":1,"featured_media":0,"comment_status":"open","ping_status":"open","sticky":false,"template":"","format":"standard","meta":{"footnotes":""},"categories":[4],"tags":[],"class_list":["post-606","post","type-post","status-publish","format-standard","hentry","category-scraps-und-co"],"_links":{"self":[{"href":"http:\/\/www.anthealein.de\/index.php?rest_route=\/wp\/v2\/posts\/606","targetHints":{"allow":["GET"]}}],"collection":[{"href":"http:\/\/www.anthealein.de\/index.php?rest_route=\/wp\/v2\/posts"}],"about":[{"href":"http:\/\/www.anthealein.de\/index.php?rest_route=\/wp\/v2\/types\/post"}],"author":[{"embeddable":true,"href":"http:\/\/www.anthealein.de\/index.php?rest_route=\/wp\/v2\/users\/1"}],"replies":[{"embeddable":true,"href":"http:\/\/www.anthealein.de\/index.php?rest_route=%2Fwp%2Fv2%2Fcomments&post=606"}],"version-history":[{"count":5,"href":"http:\/\/www.anthealein.de\/index.php?rest_route=\/wp\/v2\/posts\/606\/revisions"}],"predecessor-version":[{"id":632,"href":"http:\/\/www.anthealein.de\/index.php?rest_route=\/wp\/v2\/posts\/606\/revisions\/632"}],"wp:attachment":[{"href":"http:\/\/www.anthealein.de\/index.php?rest_route=%2Fwp%2Fv2%2Fmedia&parent=606"}],"wp:term":[{"taxonomy":"category","embeddable":true,"href":"http:\/\/www.anthealein.de\/index.php?rest_route=%2Fwp%2Fv2%2Fcategories&post=606"},{"taxonomy":"post_tag","embeddable":true,"href":"http:\/\/www.anthealein.de\/index.php?rest_route=%2Fwp%2Fv2%2Ftags&post=606"}],"curies":[{"name":"wp","href":"https:\/\/api.w.org\/{rel}","templated":true}]}}