{"id":603,"date":"2008-07-05T21:53:26","date_gmt":"2008-07-05T19:53:26","guid":{"rendered":"http:\/\/www.anthealein.de\/?p=603"},"modified":"2008-07-05T21:56:46","modified_gmt":"2008-07-05T19:56:46","slug":"tage-die-man-nicht-braucht","status":"publish","type":"post","link":"http:\/\/www.anthealein.de\/?p=603","title":{"rendered":"Tage die man nicht braucht&#8230;"},"content":{"rendered":"<p>beginnen schon mies&#8230;.<\/p>\n<p align=\"center\">&nbsp;<\/p>\n<p>1:00 Uhr ca.: Ich bin endlich eingeschlafen *g\u00e4\u00e4\u00e4\u00e4\u00e4\u00e4hn*<\/p>\n<p>4:02 Uhr: Jana steht neben dem Bett und versucht, Papa wach zu bekommen. Papa ist heute aber nicht zust\u00e4ndig, also steht Mama auf.<\/p>\n<p>4:10 Uhr: Jana hat es sich zwischen uns bequem gemacht, unser Bett enth\u00e4lt 2 Kissen, 1 Decke, 2 Kuscheltiere und\u00a0einen frisch aufgef\u00fcllten Becher mehr.<\/p>\n<p>4:14 Uhr: &#8222;Mama, streichelst du meinen Bauch?&#8220; Aber klar doch, ich war zwar gerade wieder am einnicken, aber macht ja nix.<\/p>\n<p>4:29 Uhr ca.: Megagebr\u00fcll drau\u00dfen auf der Stra\u00dfe, ein angesch\u00e4kertes Ehepaar auf dem Weg nach Hause streitet lautstark. Jana will wissen, was da los ist.<\/p>\n<p>4:40-5:00 Uhr ca.: Ein Autofahrer, dem der Ehemann vors Auto geh\u00fcpft ist, schaltet sich ein und schimpft beide in Grund und Boden. Wenn ich nicht sooooooo m\u00fcde w\u00e4re, w\u00fcrde ich ja aufstehen und das Fenster zu machen. Als die drei endlich weg sind, h\u00f6rt man noch ein paar Autos durch die 30er-Zone rasen. Wieso zum Geier mu\u00df die Stadt ausgerechnet zum Wochenende an der Jade dieses schicke &#8222;Sie fahren &#8230;. km\/h&#8220;-Schild hier um die Ecke aufstellen? Das verf\u00fchrt die n\u00e4chtlichen <strike>Idioten<\/strike> Autofahrer nat\u00fcrlich zum &#8222;Wie schnell kommt mein Auto auf 70?&#8220;-Wettkampf.<\/p>\n<p>5:10-5:58 Uhr: Rumw\u00e4lzen, husten, einnicken<\/p>\n<p>5:59 Uhr: &#8222;Maaaaaaaaaaaamaaaaaaaaaaaahaaaaaaaaaaaa&#8220;-Rufe schrecken mich auf. Jana mu\u00dfte mal und kam nicht alleine ans Klopapier.<\/p>\n<p>6:00-6:23 Uhr: &#8222;Mama, wann stehen wir auf?&#8220;, &#8222;Mama, k\u00f6nnen wir aufstehen?&#8220;, &#8222;Mama, wie sp\u00e4t ist es?&#8220; *knurr*<\/p>\n<p>6:24-6:35 Uhr: Mama hat <strike>die Schnauze voll<\/strike> genug und schickt das Kind v\u00f6llig unp\u00e4dagogisch ins Wohnzimmer vor den Fernseher. Auf der Brille (8 *g*, alternativ auch SuperRTL genannt) l\u00e4uft aber vor 6:30 Uhr nur Dauerwerbesendung, also aufrappeln und dem Kind Kika anstellen.<\/p>\n<p>7:12 Uhr: Papa schreckt auf und rei\u00dft Muttern aus dem wohlverdienten gerade begonnenen Schlaf um erschreckt zu fragen, wo das Kind ist.<\/p>\n<p>7:13 Uhr: Ich hab genug von der Nacht und vom soeben begonnenen Tag und ziehe mich lautstark an.<\/p>\n<p align=\"center\">&nbsp;<\/p>\n<p>Und weil ich gerade so grummelig drauf war, war das die optimale Gelegenheit um eine Stunde sp\u00e4ter Janas Kleiderschrank auszumisten (was eh f\u00e4llig war). Und ja, der Tag ging so weiter wie er angefangen hatte :shock_tb:<\/p>\n<p align=\"center\">&nbsp;<\/p>\n<p align=\"center\">\u00a0<a target=\"_blank\" href=\"http:\/\/www.digishoptalk.com\/gallery\/showphoto.php?photo=369539&amp;ppuser=8489\"><img decoding=\"async\" src=\"http:\/\/www.anthealein.de\/wp-content\/uploads\/2008\/07\/waddensea.jpg\" alt=\"waddensea.jpg\" \/><\/a><\/p>\n<p align=\"center\">&nbsp;<\/p>\n<p align=\"center\"><a target=\"_blank\" href=\"http:\/\/www.digishoptalk.com\/gallery\/showphoto.php?photo=367775&amp;ppuser=8489\"><img decoding=\"async\" src=\"http:\/\/www.anthealein.de\/wp-content\/uploads\/2008\/07\/bubble3.jpg\" alt=\"bubble3.jpg\" \/><\/a><\/p>\n","protected":false},"excerpt":{"rendered":"<p>beginnen schon mies&#8230;. &nbsp; 1:00 Uhr ca.: Ich bin endlich eingeschlafen *g\u00e4\u00e4\u00e4\u00e4\u00e4\u00e4hn* 4:02 Uhr: Jana steht neben dem Bett und versucht, Papa wach zu bekommen. Papa ist heute aber nicht zust\u00e4ndig, also steht Mama auf. 4:10 Uhr: Jana hat es sich zwischen uns bequem gemacht, unser Bett enth\u00e4lt 2 Kissen, 1 Decke, 2 Kuscheltiere und\u00a0einen [&hellip;]<\/p>\n","protected":false},"author":1,"featured_media":0,"comment_status":"open","ping_status":"open","sticky":false,"template":"","format":"standard","meta":{"footnotes":""},"categories":[4],"tags":[],"class_list":["post-603","post","type-post","status-publish","format-standard","hentry","category-scraps-und-co"],"_links":{"self":[{"href":"http:\/\/www.anthealein.de\/index.php?rest_route=\/wp\/v2\/posts\/603","targetHints":{"allow":["GET"]}}],"collection":[{"href":"http:\/\/www.anthealein.de\/index.php?rest_route=\/wp\/v2\/posts"}],"about":[{"href":"http:\/\/www.anthealein.de\/index.php?rest_route=\/wp\/v2\/types\/post"}],"author":[{"embeddable":true,"href":"http:\/\/www.anthealein.de\/index.php?rest_route=\/wp\/v2\/users\/1"}],"replies":[{"embeddable":true,"href":"http:\/\/www.anthealein.de\/index.php?rest_route=%2Fwp%2Fv2%2Fcomments&post=603"}],"version-history":[{"count":0,"href":"http:\/\/www.anthealein.de\/index.php?rest_route=\/wp\/v2\/posts\/603\/revisions"}],"wp:attachment":[{"href":"http:\/\/www.anthealein.de\/index.php?rest_route=%2Fwp%2Fv2%2Fmedia&parent=603"}],"wp:term":[{"taxonomy":"category","embeddable":true,"href":"http:\/\/www.anthealein.de\/index.php?rest_route=%2Fwp%2Fv2%2Fcategories&post=603"},{"taxonomy":"post_tag","embeddable":true,"href":"http:\/\/www.anthealein.de\/index.php?rest_route=%2Fwp%2Fv2%2Ftags&post=603"}],"curies":[{"name":"wp","href":"https:\/\/api.w.org\/{rel}","templated":true}]}}