{"id":567,"date":"2008-03-30T21:25:18","date_gmt":"2008-03-30T19:25:18","guid":{"rendered":"http:\/\/www.anthealein.de\/?p=567"},"modified":"2008-05-16T22:59:36","modified_gmt":"2008-05-16T20:59:36","slug":"schon-vermist","status":"publish","type":"post","link":"http:\/\/www.anthealein.de\/?p=567","title":{"rendered":"Schon vermi\u00dft?"},"content":{"rendered":"<p>Oder eher nicht? Falls ja: sorry \ud83d\ude42 Mich hat eine heftige Erk\u00e4ltung noch mal niedergehauen und so wirklich besser ist es immer noch nicht. Aber bevor ich den Blog v\u00f6llig vernachl\u00e4ssige, wollte ich heute doch mal wieder posten *g*.\u00a0 Wie es in meinem B\u00fcro und auf meinem Schreibtisch aussieht will ich lieber erst gar nicht wissen *seufz*<\/p>\n<p>Baby geht es soweit gut hoffe ich, eine neue Wohnung haben wir immer noch nicht (wieso sind die sch\u00f6nen Wohnungen immer im 2. Stock oder mit einem miserablen nassen Keller, wenn \u00fcberhaupt?), Ostern ging ruhig \u00fcber die B\u00fchne, Jana hat mich die ganze Woche vieeeeeeeel ruhen lassen und mein Patenkind hatte Ringelr\u00f6teln, also darf ich mir Dienstag Blut abzapfen lassen um mich zu testen. Dienstag ist eh das Ersttrimesterscreening mit Nackenfaltenmessung und allem drum und dran, da macht die eine Ampulle Blut mehr auch n\u00fcscht aus.<\/p>\n<p>Apropos Jana: von wem hat die L\u00fctte ihre Weltansichten blo\u00df? Letztens erz\u00e4hlte sie mir ganz stolz, sie w\u00fc\u00dfte jetzt, wen sie heiraten wolle sp\u00e4ter &#8211; n\u00e4mlich Max.\u00a0Max war schon mal hier und total fasziniert von Jana, aber noch mehr von unserer Unterhaltungselektronik. Wir konnten uns nett \u00fcber die diversen Mario-Spiele unterhalten&#8230; Also fragte ich Jana ob sie wirklich Max heiraten m\u00f6chte, der w\u00fcrde doch bestimmt dann viel Zeit vor PC und Fernsehen verbringen. Was sagt die kleine Madam daraufhin? &#8222;Macht nichts, ich k\u00fcmmer mich dann um den Haushalt und die Kinder.&#8220; \u00a0 :shock_tb:<\/p>\n<p>Allgemein geht sie weiter darin auf, bald gro\u00dfe Schwester zu werden.\u00a0Sie kuschelt andauernd mit meinem Bauch (wohlgemerkt: mit meinem Bauch, nicht mit mir *g*), besteht weiterhin auf Lisa oder Jan\u00a0und vor ein paar Tagen wurde ich von ihr zurechtgewiesen, weil ich ihrer Puppe nicht den Kopf gest\u00fctzt hatte beim hochnehmen&#8230;<\/p>\n<p align=\"center\">Scraptechnisch hab ich die fast 2 Wochen so gut wie gar nix geschafft:<\/p>\n<p align=\"center\"><a target=\"_blank\" href=\"http:\/\/www.digishoptalk.com\/gallery\/showphoto.php?photo=295945&amp;ppuser=8489\"><img decoding=\"async\" src=\"http:\/\/www.anthealein.de\/wp-content\/uploads\/2008\/03\/april2.jpg\" alt=\"april2.jpg\" \/><\/a><br \/>\nMein neuer April-Desktop<\/p>\n<p align=\"center\">&nbsp;<\/p>\n<p align=\"center\"><a target=\"_blank\" href=\"http:\/\/www.digishoptalk.com\/gallery\/showphoto.php?photo=294756&amp;ppuser=8489\"><img decoding=\"async\" src=\"http:\/\/www.anthealein.de\/wp-content\/uploads\/2008\/03\/adsr92.jpg\" alt=\"adsr92.jpg\" \/><\/a><br \/>\nADSR Challenge 9<\/p>\n<p align=\"center\">&nbsp;<\/p>\n<p align=\"center\"><a target=\"_blank\" href=\"http:\/\/www.digishoptalk.com\/gallery\/showphoto.php?photo=294754&amp;ppuser=8489\"><img decoding=\"async\" src=\"http:\/\/www.anthealein.de\/wp-content\/uploads\/2008\/03\/adsr9.jpg\" alt=\"adsr9.jpg\" \/><\/a><br \/>\nMein erster Entwurf f\u00fcr die ADSR 9<\/p>\n<p align=\"center\">&nbsp;<\/p>\n<p align=\"center\"><a target=\"_blank\" href=\"http:\/\/www.digishoptalk.com\/gallery\/showphoto.php?photo=289433&amp;ppuser=8489\"><img decoding=\"async\" src=\"http:\/\/www.anthealein.de\/wp-content\/uploads\/2008\/03\/sleep-2.jpg\" alt=\"sleep-2.jpg\" \/><\/a><br \/>\nSpontan mit dem neuen Kit von Jofia gescrappt<\/p>\n<p align=\"center\">&nbsp;<\/p>\n<p align=\"center\"><a target=\"_blank\" href=\"http:\/\/www.digishoptalk.com\/gallery\/showphoto.php?photo=289400&amp;ppuser=8489\"><img decoding=\"async\" src=\"http:\/\/www.anthealein.de\/wp-content\/uploads\/2008\/03\/adsr8-2.jpg\" alt=\"adsr8-2.jpg\" \/><\/a><br \/>\nADSR 8<\/p>\n","protected":false},"excerpt":{"rendered":"<p>Oder eher nicht? Falls ja: sorry \ud83d\ude42 Mich hat eine heftige Erk\u00e4ltung noch mal niedergehauen und so wirklich besser ist es immer noch nicht. Aber bevor ich den Blog v\u00f6llig vernachl\u00e4ssige, wollte ich heute doch mal wieder posten *g*.\u00a0 Wie es in meinem B\u00fcro und auf meinem Schreibtisch aussieht will ich lieber erst gar nicht [&hellip;]<\/p>\n","protected":false},"author":1,"featured_media":0,"comment_status":"open","ping_status":"open","sticky":false,"template":"","format":"standard","meta":{"footnotes":""},"categories":[3,4],"tags":[],"class_list":["post-567","post","type-post","status-publish","format-standard","hentry","category-alles-mogliche","category-scraps-und-co"],"_links":{"self":[{"href":"http:\/\/www.anthealein.de\/index.php?rest_route=\/wp\/v2\/posts\/567","targetHints":{"allow":["GET"]}}],"collection":[{"href":"http:\/\/www.anthealein.de\/index.php?rest_route=\/wp\/v2\/posts"}],"about":[{"href":"http:\/\/www.anthealein.de\/index.php?rest_route=\/wp\/v2\/types\/post"}],"author":[{"embeddable":true,"href":"http:\/\/www.anthealein.de\/index.php?rest_route=\/wp\/v2\/users\/1"}],"replies":[{"embeddable":true,"href":"http:\/\/www.anthealein.de\/index.php?rest_route=%2Fwp%2Fv2%2Fcomments&post=567"}],"version-history":[{"count":0,"href":"http:\/\/www.anthealein.de\/index.php?rest_route=\/wp\/v2\/posts\/567\/revisions"}],"wp:attachment":[{"href":"http:\/\/www.anthealein.de\/index.php?rest_route=%2Fwp%2Fv2%2Fmedia&parent=567"}],"wp:term":[{"taxonomy":"category","embeddable":true,"href":"http:\/\/www.anthealein.de\/index.php?rest_route=%2Fwp%2Fv2%2Fcategories&post=567"},{"taxonomy":"post_tag","embeddable":true,"href":"http:\/\/www.anthealein.de\/index.php?rest_route=%2Fwp%2Fv2%2Ftags&post=567"}],"curies":[{"name":"wp","href":"https:\/\/api.w.org\/{rel}","templated":true}]}}