{"id":551,"date":"2008-02-28T00:04:25","date_gmt":"2008-02-27T22:04:25","guid":{"rendered":"http:\/\/www.anthealein.de\/?p=551"},"modified":"2008-02-28T00:04:25","modified_gmt":"2008-02-27T22:04:25","slug":"wohnungssuche-lange-samstage-und-adsr","status":"publish","type":"post","link":"http:\/\/www.anthealein.de\/?p=551","title":{"rendered":"Wohnungssuche, lange Samstage und ADSR"},"content":{"rendered":"<p>Und wieder ist eine Woche rum. Die Wohnung haben wir leider nicht bekommen, die heute angeschaute war auch so gar n\u00fcscht und dann ist mir heute abend eingefallen, das wir uns eh viel zu fr\u00fch schon viel zu sehr anstrengen mit der Suche. Nat\u00fcrlich w\u00e4re f\u00fcr mich ein fr\u00fcher Umzugstermin besser, aber wie mir heute aufgefallen ist: ein Umzug Anfang August w\u00e4re perfekt, weil wir da alle Urlaub haben 3 Wochen lang. Also einen Gang zur\u00fcck und laaaaaaangsam suchen *g*&#8230;<\/p>\n<p>Der lange Samstag war ein v\u00f6lliger Reinfall Benutzerzahlen betreffend, aber unsere beiden Azubis und ich hatten jede Menge Spa\u00df. Die letzte Stunde waren wir 3 alleine mit Chef, haben mit ihm rumgewitzelt und\u00a0kurz nach 23 Uhr\u00a0verk\u00fcndete\u00a0Sabine, wir m\u00fc\u00dften noch Stadt-Land-Flu\u00df spielen *lach*. Eigentlich h\u00e4tte ich ja in der Zeit die CD-Schr\u00e4nke umbauen k\u00f6nnen, aber da war ich dann doch zu m\u00fcde zu.<\/p>\n<p>Und der kleine Stubenhocker (auch Jana genannt)? Ist wie immer eine kleine Zicke, will wie immer dauernd bespielt werden und kommt jede Nacht zu uns ins Bett und klaut mir meine W\u00e4rmflasche. Unser Wohnzimmer sieht nach Weihnachten und Geburtstag mal wieder wie ein Kinderzimmer aus, weil in ihr Zimmer beim besten Willen nix mehr reinpa\u00dft. Diese Woche gab es dann auch Diskussionen im Kiga, weil ihre Gruppe zu gro\u00df wird im Sommer. Der Kiga hat 3 Gruppen: die Gelben (L\u00fctten), die Blauen (die Mittleren) und die Roten (die Vorsch\u00fcler). Da viele Kinder schon fr\u00fch in den Kiga gekommen sind, machen sie die rote Gruppe 2x mit. Diesen Sommer landen 2 aus der roten Gruppe in Janas Gruppe (momentan noch blau), die dadurch auf 10 Kinder aufgestockt wird. Nun wurde also gefragt, ob die 3 j\u00fcngsten Kinder der blauen Gruppe (Jana, Anna und Jack) nicht die rote Gruppe 2x, sondern die blaue Gruppe 2x machen k\u00f6nnten. F\u00fcr Jana war der Fall gleich klar und so wird sie im Sommer die blaue Gruppe behalten und zu den aufsteigenden Gelben inkl. Erzieherin sto\u00dfen. Finde ich pers\u00f6nlich klasse, weil die jetzigen Gelben vom Alter her Jana sehr nah sind (alles sp\u00e4t in den Kiga gekommene Kinder). Das einzige Problem, das die 3 damit haben: sie wollten doch eigentlich rot werden *umfall*&#8230; Wir Eltern waren dann schon am \u00fcberlegen, ob man f\u00fcr die 3 nicht rot-blau einf\u00fchrt *lach*.<\/p>\n<p>Seit Sonntag ist auch endlich wieder ADSR-Zeit und Irene und ich haben schon flei\u00dfig die 1. Challenge erledigt und ich meinen Teil (ein Gemeinschafts-Layout) der 2. Challenge. Und auch sonst hab ich wieder gescrappt:<\/p>\n<p align=\"center\"><a target=\"_blank\" href=\"http:\/\/www.digishoptalk.com\/gallery\/showphoto.php?photo=272854&amp;ppuser=8489\"><img decoding=\"async\" src=\"http:\/\/www.anthealein.de\/wp-content\/uploads\/2008\/02\/adsr1.jpg\" alt=\"adsr1.jpg\" \/><\/a><br \/>\nADSR 1<\/p>\n<p align=\"center\">&nbsp;<\/p>\n<p align=\"center\"><img decoding=\"async\" src=\"http:\/\/www.anthealein.de\/wp-content\/uploads\/2008\/02\/start.jpg\" alt=\"start.jpg\" \/><br \/>\nMeine H\u00e4lfte f\u00fcr die 2. Challenge (Credits folgen dann mit dem Gesamt-LO)<\/p>\n<p align=\"center\">&nbsp;<\/p>\n<p align=\"center\"><a href=\"http:\/\/www.digishoptalk.com\/gallery\/showphoto.php?photo=274273&amp;ppuser=8489\"><img decoding=\"async\" src=\"http:\/\/www.anthealein.de\/wp-content\/uploads\/2008\/02\/hmpf.jpg\" alt=\"hmpf.jpg\" \/><\/a><\/p>\n","protected":false},"excerpt":{"rendered":"<p>Und wieder ist eine Woche rum. Die Wohnung haben wir leider nicht bekommen, die heute angeschaute war auch so gar n\u00fcscht und dann ist mir heute abend eingefallen, das wir uns eh viel zu fr\u00fch schon viel zu sehr anstrengen mit der Suche. Nat\u00fcrlich w\u00e4re f\u00fcr mich ein fr\u00fcher Umzugstermin besser, aber wie mir heute [&hellip;]<\/p>\n","protected":false},"author":1,"featured_media":0,"comment_status":"open","ping_status":"open","sticky":false,"template":"","format":"standard","meta":{"footnotes":""},"categories":[3,4],"tags":[],"class_list":["post-551","post","type-post","status-publish","format-standard","hentry","category-alles-mogliche","category-scraps-und-co"],"_links":{"self":[{"href":"http:\/\/www.anthealein.de\/index.php?rest_route=\/wp\/v2\/posts\/551","targetHints":{"allow":["GET"]}}],"collection":[{"href":"http:\/\/www.anthealein.de\/index.php?rest_route=\/wp\/v2\/posts"}],"about":[{"href":"http:\/\/www.anthealein.de\/index.php?rest_route=\/wp\/v2\/types\/post"}],"author":[{"embeddable":true,"href":"http:\/\/www.anthealein.de\/index.php?rest_route=\/wp\/v2\/users\/1"}],"replies":[{"embeddable":true,"href":"http:\/\/www.anthealein.de\/index.php?rest_route=%2Fwp%2Fv2%2Fcomments&post=551"}],"version-history":[{"count":0,"href":"http:\/\/www.anthealein.de\/index.php?rest_route=\/wp\/v2\/posts\/551\/revisions"}],"wp:attachment":[{"href":"http:\/\/www.anthealein.de\/index.php?rest_route=%2Fwp%2Fv2%2Fmedia&parent=551"}],"wp:term":[{"taxonomy":"category","embeddable":true,"href":"http:\/\/www.anthealein.de\/index.php?rest_route=%2Fwp%2Fv2%2Fcategories&post=551"},{"taxonomy":"post_tag","embeddable":true,"href":"http:\/\/www.anthealein.de\/index.php?rest_route=%2Fwp%2Fv2%2Ftags&post=551"}],"curies":[{"name":"wp","href":"https:\/\/api.w.org\/{rel}","templated":true}]}}