{"id":546,"date":"2008-02-20T22:58:52","date_gmt":"2008-02-20T20:58:52","guid":{"rendered":"http:\/\/www.anthealein.de\/?p=546"},"modified":"2008-02-20T22:58:52","modified_gmt":"2008-02-20T20:58:52","slug":"soooohoooorry","status":"publish","type":"post","link":"http:\/\/www.anthealein.de\/?p=546","title":{"rendered":"Soooohoooorry&#8230;"},"content":{"rendered":"<p>Ich komme momentan einfach nicht zum posten hier *seufz* Chris hat schon die 2. Woche Sp\u00e4tschicht bis 21 Uhr und ich schaffe gar n\u00fcscht. Abends kurz Foren abgegrast, kurz im MSN geschrieben, gaaaaanz selten gescrappt und schwupps sind schon wieder 2 Wochen um ohne Lebenszeichen hier *umfall*<\/p>\n<p>Die Wohnung haben wir uns am Samstag angesehen und gleich beim reinkommen (ich war noch nicht ganz \u00fcber der T\u00fcrschwelle) stand fest: DIE ist es. Zwar wieder kein Platz f\u00fcr die Waschmaschine (wobei ich ja noch fest davon \u00fcberzeugt bin, das die in die K\u00fcche passen w\u00fcrde) und Badezimmer und Klo getrennt und beides winzig, aber ansonsten ein Traum. Das Schlafzimmer etwas gr\u00f6\u00dfer als unseres, das 1. Kinderzimmer ungef\u00e4hr so gro\u00df wie unsere K\u00fcche jetzt, das 2. Kinderzimmer min.\u00a025 qm gro\u00df, das Wohnzimmer genauso gro\u00df wie unseres hier (das perfekt von der Gr\u00f6\u00dfe her ist) und die K\u00fcche tut sich von der Gr\u00f6\u00dfe her nichts mit unserer jetzt, ist aber sch\u00f6n verwinkelt irgendwie. Und \u00fcberall (au\u00dfer K\u00fcche und Bad) Laminat gelegt *freu*.<\/p>\n<p>Das Problem an der Sache: es hat sich schon ein P\u00e4rchen die Wohnung reserviert vor uns *grummel*&#8230; Aber: die nette Dame von Spar und Bau erreicht das Paar seit Tagen nicht und wei\u00df deshalb noch nicht, ob die beiden die Wohnung nehmen wollen oder nicht. Also: dr\u00fcckt f\u00fcr uns alle D\u00e4umchen bitte \ud83d\ude00<\/p>\n<p>Sonntag waren wir kurzentschlossen bei dem Sohn eines ehemaligen Kollegen von mir in Delmenhorst der Rechnerprobleme hatte und durften uns an etlichen Pferden und 2 verr\u00fcckten, total verschmusten Stallkatzen erfreuen.\u00a0 Jana sa\u00df dann auch kurz auf einem der beiden Haflinger, hielt sich aber krampfhaft an mir fest und wollte ganz schnell wieder runter. Also leider keine Fotos von Jana auf einem Pferd *g*<\/p>\n<p>Allgemein ist Jana momentan sehr unwillig, was Bilder angeht und ich bekomme kaum noch ein anst\u00e4ndiges Foto von ihr geschossen *motz*. Sie hat sich inszwischen auch wieder anders besonnen und will doch ein Geschwisterchen, fragte aber vorsichtshalber schon mal, ob sie dem Zwerg verbieten darf mit ihren Spielsachen zu spielen :wink_ee: Und sie fordert von mir andauernd Rechen\u00fcbungen ein, seitdem sie einen Abakus bekommen hat (wobei Zahlen vorher auch schon interessant waren). Erinnert mich stark an eine Karin, die ihren Papa vor Jahren genervt hat mit ihrer Aufforderung ihr Matheaufgaben zu stellen *fg*.<\/p>\n<p>Ansonsten gibt es nicht viel. Samstag wird ein lustiger Arbeitstag, weil ich von 11-13 Uhr und von 15-17 Uhr die Ausleihe hab (ok, der Teil ist nicht so lustig). Dann fahre ich 2 Stunden nach Hause und mache dann\u00a0mit Bine die Ausleihe von 20-21 Uhr und die Schlu\u00dfschicht von 23-24 Uhr. Nein, wir haben nicht regul\u00e4r so lange auf *lach*. Von Samstag auf Sonntag findet eine Gemeinschaftsveranstaltung f\u00fcr Jugendliche statt, organisiert und ausgef\u00fchrt von der VHS, der Kunsthalle, dem Stadttheater und der B\u00fccherei (bei uns alles im Umkreis von 50 m) unter dem Motto &#8222;<a target=\"_blank\" href=\"http:\/\/www.stadtbuecherei-wilhelmshaven.de\/multimedianacht_08\/multimedianacht.pdf\">Wut macht Mut<\/a>&#8222;. Und unser Anteil besteht aus der verl\u00e4ngerten \u00d6ffnung bis 24 Uhr und freiem Internetzugang ab einer bestimmten Uhrzeit. Und nat\u00fcrlich haben wir M\u00e4dels uns schon einen Pizzazettel hingehangen, die werden wir uns n\u00e4mlich g\u00f6nnen \ud83d\ude00<\/p>\n<p align=\"center\">Ein wenig gescrappt hab ich auch seit dem letzten Post:<\/p>\n<p align=\"center\"><a target=\"_blank\" href=\"http:\/\/www.digishoptalk.com\/gallery\/showphoto.php?photo=264293&amp;ppuser=8489\"><img decoding=\"async\" src=\"http:\/\/www.anthealein.de\/wp-content\/uploads\/2008\/02\/spring.jpg\" alt=\"spring.jpg\" \/><\/a><\/p>\n<p align=\"center\">&nbsp;<\/p>\n<p align=\"center\"><a target=\"_blank\" href=\"http:\/\/www.digishoptalk.com\/gallery\/showphoto.php?photo=264294&amp;ppuser=8489\"><img decoding=\"async\" src=\"http:\/\/www.anthealein.de\/wp-content\/uploads\/2008\/02\/giggle.jpg\" alt=\"giggle.jpg\" \/><\/a><\/p>\n<p align=\"center\">&nbsp;<\/p>\n<p align=\"center\"><a target=\"_blank\" href=\"http:\/\/www.digishoptalk.com\/gallery\/showphoto.php?photo=267298&amp;ppuser=8489\"><img decoding=\"async\" src=\"http:\/\/www.anthealein.de\/wp-content\/uploads\/2008\/02\/beach.jpg\" alt=\"beach.jpg\" \/><\/a><\/p>\n<p align=\"center\">&nbsp;<\/p>\n<p align=\"center\"><a target=\"_blank\" href=\"http:\/\/www.digishoptalk.com\/gallery\/showphoto.php?photo=268778&amp;ppuser=8489\"><img decoding=\"async\" src=\"http:\/\/www.anthealein.de\/wp-content\/uploads\/2008\/02\/boring.jpg\" alt=\"boring.jpg\" \/><\/a><\/p>\n<p align=\"center\">Ach ja, ein Herzchen hab ich auch schlagen sehen :wink_ee:<\/p>\n","protected":false},"excerpt":{"rendered":"<p>Ich komme momentan einfach nicht zum posten hier *seufz* Chris hat schon die 2. Woche Sp\u00e4tschicht bis 21 Uhr und ich schaffe gar n\u00fcscht. Abends kurz Foren abgegrast, kurz im MSN geschrieben, gaaaaanz selten gescrappt und schwupps sind schon wieder 2 Wochen um ohne Lebenszeichen hier *umfall* Die Wohnung haben wir uns am Samstag angesehen [&hellip;]<\/p>\n","protected":false},"author":1,"featured_media":0,"comment_status":"open","ping_status":"open","sticky":false,"template":"","format":"standard","meta":{"footnotes":""},"categories":[3,4],"tags":[],"class_list":["post-546","post","type-post","status-publish","format-standard","hentry","category-alles-mogliche","category-scraps-und-co"],"_links":{"self":[{"href":"http:\/\/www.anthealein.de\/index.php?rest_route=\/wp\/v2\/posts\/546","targetHints":{"allow":["GET"]}}],"collection":[{"href":"http:\/\/www.anthealein.de\/index.php?rest_route=\/wp\/v2\/posts"}],"about":[{"href":"http:\/\/www.anthealein.de\/index.php?rest_route=\/wp\/v2\/types\/post"}],"author":[{"embeddable":true,"href":"http:\/\/www.anthealein.de\/index.php?rest_route=\/wp\/v2\/users\/1"}],"replies":[{"embeddable":true,"href":"http:\/\/www.anthealein.de\/index.php?rest_route=%2Fwp%2Fv2%2Fcomments&post=546"}],"version-history":[{"count":0,"href":"http:\/\/www.anthealein.de\/index.php?rest_route=\/wp\/v2\/posts\/546\/revisions"}],"wp:attachment":[{"href":"http:\/\/www.anthealein.de\/index.php?rest_route=%2Fwp%2Fv2%2Fmedia&parent=546"}],"wp:term":[{"taxonomy":"category","embeddable":true,"href":"http:\/\/www.anthealein.de\/index.php?rest_route=%2Fwp%2Fv2%2Fcategories&post=546"},{"taxonomy":"post_tag","embeddable":true,"href":"http:\/\/www.anthealein.de\/index.php?rest_route=%2Fwp%2Fv2%2Ftags&post=546"}],"curies":[{"name":"wp","href":"https:\/\/api.w.org\/{rel}","templated":true}]}}