{"id":541,"date":"2008-02-11T23:37:07","date_gmt":"2008-02-11T21:37:07","guid":{"rendered":"http:\/\/www.anthealein.de\/?p=541"},"modified":"2008-09-01T11:18:15","modified_gmt":"2008-09-01T09:18:15","slug":"mude-muder-am-mudesten","status":"publish","type":"post","link":"http:\/\/www.anthealein.de\/?p=541","title":{"rendered":"M\u00fcde, m\u00fcder, am m\u00fcdesten&#8230;"},"content":{"rendered":"<p>Gott, ich hatte v\u00f6llig vergessen, wie m\u00fcde einen so eine Schwangerschaft machen kann.\u00a0Bei\u00a0Jana\u00a0haben sich auch meine Gehirnzellen erst zum Ende hin abwesend gemeldet, diesmal fange ich da an wo ich bei Jana aufgeh\u00f6rt habe *seufz*.<\/p>\n<p>Aber das Wichtigste zuerst: Jana hat ihren Geburtstag gut \u00fcberstanden und sich reich beschenken lassen (weshalb unser Wohnzimmer auch mal wieder voll mit Spielzeug ist *g*). Letzten Montag waren &#8222;nur&#8220; Oma, Opa und Valeska da, am Donnerstag war dann der gro\u00dfe Kindergeburtstag im Kiga. Und dank hilfreicher Mitm\u00fctter auch ein voller Erfolg, alleine w\u00e4re ich hoffnungslos untergegangen :shock_tb: \u00a0Ab morgen ist mein Urlaub dann offiziell beendet und ich werde abends garantiert noch m\u00fcder und noch scrapunf\u00e4higer sein *esistnureinphaseesistnureinephase*.<\/p>\n<p>Momentan schwankt Jana zwischen Megatrotzphase und &#8222;Liebstes-Kind-von-Welt&#8220; und kann sich nicht so wirklich entscheiden. Ihr Geschwisterchen will sie auch wieder abbestellen, eine neue Wohnung mit neuem gr\u00f6\u00dferem Zimmer h\u00e4tte sie aber trotzdem gerne. Und haut manchmal Spr\u00fcche raus, bei denen ich nicht wei\u00df, ob ich sie loben oder vor lachen am Boden liegen soll. &#8222;Mama, Joghurt ist doch viel ges\u00fcnder!!&#8220; angesichts meines Angebotes sie k\u00f6nne auch einen Kinderriegel zum Nachttisch haben, ist nur ein Beispiel von vielen *g*.<\/p>\n<p>N\u00e4chsten Montag steht die U1 f\u00fcr mich an, dr\u00fcckt mal bitte alle verf\u00fcgbaren Daumen das ein Herzschlag zu sehen ist und wenn ihr schon mal dabei seid: f\u00fcr die Wohnungsbesichtigung am Samstag gleich mit, bitte \ud83d\ude42 Eine Wohnung nur ein paar Meter von Janas bester Freundin entfernt, ebenso weit vom Park und von meiner Arbeit, von der nahen Innenstadt mal ganz zu schweigen. 4 Zimmer, 105 qm und das f\u00fcr 550 Euro inkl. Heiz- und Nebenkosten. In dem Haus war schon mal im Erdgescho\u00df eine Wohnung frei und ich hab damals von drau\u00dfen reingeluggt und fand die\u00a0total sch\u00f6n, habe aber\u00a0den Vermieter nicht\u00a0heraus bekommen k\u00f6nnen. Leider vor Samstag\u00a0aber nicht ansehbar, da die\u00a0jetzigen\u00a0Mieter vorher keine Zeit haben\u00a0*seufz*.\u00a0<\/p>\n<p>Mein bi\u00dfl gescrapptes der letzten Tage will ich euch auch noch eben zeigen, wie man sieht wirklich nicht allzuviel *lach*:<\/p>\n<p align=\"center\"><a href=\"http:\/\/www.digishoptalk.com\/gallery\/showphoto.php?photo=259016&amp;ppuser=8489\" target=\"_blank\"><img decoding=\"async\" src=\"http:\/\/www.anthealein.de\/wp-content\/uploads\/2008\/02\/cousins.jpg\" alt=\"cousins.jpg\" \/><\/a><\/p>\n<p align=\"center\">\u00a0<\/p>\n<p align=\"center\">Vor nicht allzulanger Zeit hatte ich folgendes LO f\u00fcr SUAS gemacht und hier nicht gezeigt, das kann ich jetzt nachholen :wink_ee:<br \/>\n<a href=\"http:\/\/www.digishoptalk.com\/gallery\/showphoto.php?photo=209008&amp;ppuser=8489\" target=\"_blank\"><img decoding=\"async\" src=\"http:\/\/www.anthealein.de\/wp-content\/uploads\/2008\/02\/wish210.jpg\" alt=\"wish210.jpg\" \/><\/a><\/p>\n<p align=\"center\">\u00a0<\/p>\n<p align=\"center\">Und das war dann praktisch die Antwort darauf von vor ein paar Tagen :wink_ee:<br \/>\n<a href=\"http:\/\/www.digishoptalk.com\/gallery\/showphoto.php?photo=259120&amp;ppuser=8489\" target=\"_blank\"><img decoding=\"async\" src=\"http:\/\/www.anthealein.de\/wp-content\/uploads\/2008\/02\/true.jpg\" alt=\"true.jpg\" \/><\/a><\/p>\n<p align=\"center\">\u00a0<\/p>\n<p align=\"center\"><a href=\"http:\/\/www.digishoptalk.com\/gallery\/showphoto.php?photo=260582&amp;ppuser=8489\" target=\"_blank\"><img decoding=\"async\" src=\"http:\/\/www.anthealein.de\/wp-content\/uploads\/2008\/02\/girls-2.jpg\" alt=\"girls-2.jpg\" \/><\/a><\/p>\n","protected":false},"excerpt":{"rendered":"<p>Gott, ich hatte v\u00f6llig vergessen, wie m\u00fcde einen so eine Schwangerschaft machen kann.\u00a0Bei\u00a0Jana\u00a0haben sich auch meine Gehirnzellen erst zum Ende hin abwesend gemeldet, diesmal fange ich da an wo ich bei Jana aufgeh\u00f6rt habe *seufz*. Aber das Wichtigste zuerst: Jana hat ihren Geburtstag gut \u00fcberstanden und sich reich beschenken lassen (weshalb unser Wohnzimmer auch mal [&hellip;]<\/p>\n","protected":false},"author":1,"featured_media":0,"comment_status":"open","ping_status":"open","sticky":false,"template":"","format":"standard","meta":{"footnotes":""},"categories":[4],"tags":[],"class_list":["post-541","post","type-post","status-publish","format-standard","hentry","category-scraps-und-co"],"_links":{"self":[{"href":"http:\/\/www.anthealein.de\/index.php?rest_route=\/wp\/v2\/posts\/541","targetHints":{"allow":["GET"]}}],"collection":[{"href":"http:\/\/www.anthealein.de\/index.php?rest_route=\/wp\/v2\/posts"}],"about":[{"href":"http:\/\/www.anthealein.de\/index.php?rest_route=\/wp\/v2\/types\/post"}],"author":[{"embeddable":true,"href":"http:\/\/www.anthealein.de\/index.php?rest_route=\/wp\/v2\/users\/1"}],"replies":[{"embeddable":true,"href":"http:\/\/www.anthealein.de\/index.php?rest_route=%2Fwp%2Fv2%2Fcomments&post=541"}],"version-history":[{"count":2,"href":"http:\/\/www.anthealein.de\/index.php?rest_route=\/wp\/v2\/posts\/541\/revisions"}],"predecessor-version":[{"id":635,"href":"http:\/\/www.anthealein.de\/index.php?rest_route=\/wp\/v2\/posts\/541\/revisions\/635"}],"wp:attachment":[{"href":"http:\/\/www.anthealein.de\/index.php?rest_route=%2Fwp%2Fv2%2Fmedia&parent=541"}],"wp:term":[{"taxonomy":"category","embeddable":true,"href":"http:\/\/www.anthealein.de\/index.php?rest_route=%2Fwp%2Fv2%2Fcategories&post=541"},{"taxonomy":"post_tag","embeddable":true,"href":"http:\/\/www.anthealein.de\/index.php?rest_route=%2Fwp%2Fv2%2Ftags&post=541"}],"curies":[{"name":"wp","href":"https:\/\/api.w.org\/{rel}","templated":true}]}}