{"id":531,"date":"2008-01-21T22:58:31","date_gmt":"2008-01-21T20:58:31","guid":{"rendered":"http:\/\/www.anthealein.de\/?p=531"},"modified":"2008-01-21T23:07:37","modified_gmt":"2008-01-21T21:07:37","slug":"aufraumarbeiten","status":"publish","type":"post","link":"http:\/\/www.anthealein.de\/?p=531","title":{"rendered":"Aufr\u00e4umarbeiten&#8230;"},"content":{"rendered":"<p>Gestern hab ich seit langem *h\u00fcstel* mal wieder meine Favoritenliste aufger\u00e4umt. Eigentlich nur, weil die Liste inszwischen trotz diverser Ordner zu lang f\u00fcr den Monitor wurde. Als ich dann aber gleich im ersten Ordner Links zu Seiten fand, die inszwischen wohl min. schon seit 5 Jahren im Web-Jenseits sind, wurde mir klar wie dringend das mal wieder n\u00f6tig war. Und weil ich schon so sch\u00f6n dabei war und Salat mir heute mal wieder das Stichwort lieferte, hab ich hier auch ein wenig hinzugef\u00fcgt. Ich geh\u00f6r eigentlich zu den Bloglesern, die alle paar Wochen mal alle Blogs in den Favoriten abgrasen, wenn Lust und Zeit vorhanden sind. Drei hab ich allerdings im Newsreader der schicken Sidebar hier auf dem Vista-Rechner fest drin weil sie einfach zu gut sind: Salat (Verheiratet, alleinerziehend), den Kinderdoc und die B\u00fccherh\u00e4ndlerin (bei der ich etliche Male nickend vorm Monitor sa\u00df *g*).<\/p>\n<p>Jana ist fit und war heute auch wieder im Kiga und ich hab heute endlich die 3 Minusstunden von vorletzter Woche abgearbeitet. Eigentlich nicht sch\u00f6n an meinem freien Montag, aber heute richtig gem\u00fctlich, zumal ich eh um 5.50 Uhr aufgewacht bin und nicht mehr einschlafen konnte. \u00dcber Donnerstag sind die Kolleginnen schon informiert und mit meiner Vorgesetzten mu\u00dfte ich lange ausdiskutieren, ob ich f\u00fcr die Untersuchung Urlaub nehmen darf oder nicht *lach*&#8230; Sie steht auf dem Standpunkt, das \u00e4rztliche Untersuchungen in der Arbeitszeit nicht extra mit \u00dcberstunden oder Urlaub abgegolten werden m\u00fcssen und fand mein Urlaubsgesuch gar nicht gut. Ich steh allerdings auf dem Standpunkt, das ich als 30 Stunden-Kraft meine Arzttermine theoretisch au\u00dferhalb der Arbeitszeit legen k\u00f6nnte\/sollte und normal auch mache. Und au\u00dferdem hab ich keine Lust f\u00fcr 45 Minuten auf die Arbeit zu dackeln, dann 2 Stunden\u00a0beim MRT zu verbringen (40 Minuten alleine in der R\u00f6hre weil einmal ohne und einmal mit Kontrastmittel und das qequ\u00e4lt von der \u00fcblichen Phil Collins-CD) und dann f\u00fcr 2 Stunden wieder zur Arbeit zur\u00fcck zu dackeln.<\/p>\n<p>So wird das also eine gem\u00fctliche Woche. Jana&#8217;s Freundin Leandra war heute da, morgen kommt Nachbar von dr\u00fcben seinen Laptop wieder abholen den er w\u00e4hrend seines langen Urlaubs hier gelassen hat (1800 E-Mails mit Modem runterladen empfiehlt sich nicht) und bringt Zigaretten f\u00fcr uns mit, \u00fcbermorgen ist noch gar n\u00fcscht, Donnerstag kommt ein Junge aus Jana&#8217;s Kiga der gerne mit den L\u00fctten spielt obwohl er schon bald zur Schule kommt und abends geht Chris im Kiga Lampen anbringen, Freitag hei\u00dft es den ganzen Tag arbeiten und Samstag: Ikea (bitte rettet mich), Bruderherz, evtl. noch Bahlsen\u00a0und gem\u00fctliches Beisammensitzen abends mit Schwies anl\u00e4\u00dflich GG&#8217;s Geburtstag. Klingt doch ruhig, oder?<\/p>\n<p align=\"center\">Gescrappt hab ich nat\u00fcrlich auch wieder:<\/p>\n<p align=\"center\">Einfach nur mal alte Bilder von Irene und mir<br \/>\n<a target=\"_blank\" href=\"http:\/\/www.digishoptalk.com\/gallery\/showphoto.php?photo=245120&amp;ppuser=8489\"><img decoding=\"async\" src=\"http:\/\/www.anthealein.de\/wp-content\/uploads\/2008\/01\/sometimes13.jpg\" alt=\"sometimes13.jpg\" \/><\/a><\/p>\n<p align=\"center\">&nbsp;<\/p>\n<p align=\"center\">Ein Bild von Valeskas Besuch hier am Donnerstag<br \/>\n<a target=\"_blank\" href=\"http:\/\/www.digishoptalk.com\/gallery\/showphoto.php?photo=246304&amp;ppuser=8489\"><img decoding=\"async\" src=\"http:\/\/www.anthealein.de\/wp-content\/uploads\/2008\/01\/val.jpg\" alt=\"val.jpg\" \/><\/a><\/p>\n<p align=\"center\">&nbsp;<\/p>\n<p align=\"center\">Und ein LO\u00a0auf das ich mal richtig stolz stolz bin. 16 Kommentare bei DST ohne es im Praise-Game gepostet zu haben, in den Gallery-Standouts gewesen und einfach nur Spa\u00df gehabt beim basteln (das kann Irene bezeugen)&#8230; Dazu k\u00f6nnte ich glatt eine &#8222;Work in Progress&#8220;-Reihe zeigen, weil ich andauernd Irene die \u00c4nderungen geschickt hab. Und noch dazu ein Fall von &#8222;Im Kopf das LO vor sich sehen und es dann genau so scrappen&#8220;. Unheimlich befriedigend solche LOs und eh immer die Besten. Chris kann allerdings &#8222;Life is Eternal&#8220; von Carly Simon nicht mehr h\u00f6ren glaub ich, weil es dabei in Dauerschleife hier lief.<br \/>\n<a target=\"_blank\" href=\"http:\/\/www.digishoptalk.com\/gallery\/showphoto.php?photo=246891&amp;ppuser=8489\"><img decoding=\"async\" src=\"http:\/\/www.anthealein.de\/wp-content\/uploads\/2008\/01\/life5.jpg\" alt=\"life5.jpg\" \/><\/a><\/p>\n<p align=\"center\">So, und nu geh ich Sinking Island zu Ende spielen \ud83d\ude42 Habt eine sch\u00f6ne Woche!<\/p>\n","protected":false},"excerpt":{"rendered":"<p>Gestern hab ich seit langem *h\u00fcstel* mal wieder meine Favoritenliste aufger\u00e4umt. Eigentlich nur, weil die Liste inszwischen trotz diverser Ordner zu lang f\u00fcr den Monitor wurde. Als ich dann aber gleich im ersten Ordner Links zu Seiten fand, die inszwischen wohl min. schon seit 5 Jahren im Web-Jenseits sind, wurde mir klar wie dringend das [&hellip;]<\/p>\n","protected":false},"author":1,"featured_media":0,"comment_status":"open","ping_status":"open","sticky":false,"template":"","format":"standard","meta":{"footnotes":""},"categories":[3,4],"tags":[],"class_list":["post-531","post","type-post","status-publish","format-standard","hentry","category-alles-mogliche","category-scraps-und-co"],"_links":{"self":[{"href":"http:\/\/www.anthealein.de\/index.php?rest_route=\/wp\/v2\/posts\/531","targetHints":{"allow":["GET"]}}],"collection":[{"href":"http:\/\/www.anthealein.de\/index.php?rest_route=\/wp\/v2\/posts"}],"about":[{"href":"http:\/\/www.anthealein.de\/index.php?rest_route=\/wp\/v2\/types\/post"}],"author":[{"embeddable":true,"href":"http:\/\/www.anthealein.de\/index.php?rest_route=\/wp\/v2\/users\/1"}],"replies":[{"embeddable":true,"href":"http:\/\/www.anthealein.de\/index.php?rest_route=%2Fwp%2Fv2%2Fcomments&post=531"}],"version-history":[{"count":0,"href":"http:\/\/www.anthealein.de\/index.php?rest_route=\/wp\/v2\/posts\/531\/revisions"}],"wp:attachment":[{"href":"http:\/\/www.anthealein.de\/index.php?rest_route=%2Fwp%2Fv2%2Fmedia&parent=531"}],"wp:term":[{"taxonomy":"category","embeddable":true,"href":"http:\/\/www.anthealein.de\/index.php?rest_route=%2Fwp%2Fv2%2Fcategories&post=531"},{"taxonomy":"post_tag","embeddable":true,"href":"http:\/\/www.anthealein.de\/index.php?rest_route=%2Fwp%2Fv2%2Ftags&post=531"}],"curies":[{"name":"wp","href":"https:\/\/api.w.org\/{rel}","templated":true}]}}