{"id":526,"date":"2008-01-16T00:08:27","date_gmt":"2008-01-15T22:08:27","guid":{"rendered":"http:\/\/www.anthealein.de\/?p=526"},"modified":"2008-01-16T00:08:27","modified_gmt":"2008-01-15T22:08:27","slug":"manchmal","status":"publish","type":"post","link":"http:\/\/www.anthealein.de\/?p=526","title":{"rendered":"Manchmal"},"content":{"rendered":"<p>erstaunt es mich, das hier \u00fcberhaupt jemand liest und manchmal noch mehr, wer hier liest.\u00a0 Heute &#8211; \u00e4h sorry, gestern &#8211; hatte ich sogar 3 dieser Aha(???!)-Erlebnisse. Das Erste war meine Schwiema die mich mi\u00dftrauisch fragte (?), ob mein normaler Kontrolltermin beim Neuro anst\u00fcnde oder ob was w\u00e4re (Schwiepa mu\u00dfte kindsitten). Daraufhin folgte unser Trauzeuge und mein Servergott, der mich\u00a0in Erstaunen versetzte, als er bemerkte &#8222;Ach ja, das hattest du ja auf deinem Blog geschrieben&#8220; und zum guten Schlu\u00df hab ich gerade auf der Suche nach Lesestoff auf einem von mir t\u00e4glich frequentierten, wenn auch noch nicht verlinktem Blog einen Link hierher ersp\u00e4ht. Der mich\u00a0dann auch gleich dran erinnerte, das ich doch heute eigentlich bloggen wollte (danke Salat)\u00a0&#8230;\u00a0<\/p>\n<p>Gestern war f\u00fcr mich so ein bi\u00dfl ein zwiegespaltener Tag. Einerseits mag ich mir auf die Schulter klopfen, weil ich\u00a0fast alles erledigt bekommen habe, dann m\u00f6chte ich vor Freude h\u00fcpfen weil mein LO von\u00a0vorgestern nicht nur in den Standouts bei DST war,\u00a0ich habe damit\u00a0auch noch die Blog Challenge bei Vera Lim gewonnen\u00a0und dann war da noch mein Neuro-Termin, bei dem mein geliebter Neuro nur vor sich hinnickte, bed\u00e4chtig \u00e4u\u00dferte: &#8222;Wir machen dann erstmal ein MRT&#8220; und mir kurzerhand einen Spezialtermin f\u00fcr Donnerstag, den 24. verschaffte. Zur Info: in der Praxis bekommt man normal einen Termin fr\u00fchestens in einem Monat, Radiologen sind hier rar und selbst in den Krankenh\u00e4usern darf man\u00a03-4 Tage aufs MRT warten, wenn man denn auf Station liegt.<\/p>\n<p>Noch dazu zeigte sich bei Jana Samstag die erste Windpocke, Sonntag folgten dann ein paar und gestern\u00a0hab ich\u00a0mit\u00a0ihr den Kinderarzt besucht und mir bis Freitag einschlie\u00dflich unbezahlten Sonderurlaub\u00a0eingehandelt (na ja,\u00a0die Krankenkasse zahlt). Und bis ich endlich\u00a0im Rathaus jemanden erreicht hab, der mir\u00a0sagen konnte wie das Ganze abl\u00e4uft,\u00a0hat gedauert. Meine Kollegen (dank\u00a0Azubi\u00a0im Praktikum\u00a0und meiner Freundin im Mutterschutz nur zu viert) haben sich nat\u00fcrlich &#8222;gefreut&#8220; und ich mag gar nicht an die Gesichter Samstag denken, wenn ich f\u00fcr n\u00e4chsten Donnerstag regul\u00e4ren Urlaub wegen dem MRT nachschieben mu\u00df. Aber wat mut dat mut, oder so \ud83d\ude42\u00a0<\/p>\n<p>Derweil bekomme ich\u00a0den Lagerkoller und w\u00fcrde liebend gerne wieder arbeiten gehen und das nach 2 Tagen schon. Mein Zwerg steckt ja Krankheiten eh locker weg, aber das sie die Windpocken &#8211; im wahrsten Sinne des Wortes &#8211; so wenig jucken w\u00fcrden, h\u00e4tte ich nicht gedacht. Und so h\u00f6r ich den ganzen Tag nichts anderes als: &#8222;Mama spielen wir dies, Mama spielen wir das, Mama machen wir das so?&#8220; und kann mit ihr nicht mal raus an die frische Luft *jammer*. F\u00fcr \u00fcbermorgen hab ich mir Verst\u00e4rkung in Form von Valeska geholt: ich mag nicht mehr frisiert werden, mir meine alten Knochen beim &#8222;Twister&#8220; verrenken oder Stunden Playmobil spielen. Und wer sich jetzt denkt, so schlimm kann es doch nicht sein&#8230;<\/p>\n<p align=\"center\">Doch, es kann:<br \/>\n<img decoding=\"async\" src=\"http:\/\/www.anthealein.de\/wp-content\/uploads\/2008\/01\/doof.jpg\" alt=\"doof.jpg\" \/><br \/>\nUnd nein, so d\u00e4mlich schau ich normal nicht aus der W\u00e4sche \ud83d\ude09 (wehe, es widerspricht jemand)<\/p>\n<p align=\"center\">&nbsp;<\/p>\n<p align=\"center\">Hier die Scraps der letzten Tage:<br \/>\n<a target=\"_blank\" href=\"http:\/\/www.digishoptalk.com\/gallery\/showphoto.php?photo=242443&amp;ppuser=8489\"><img decoding=\"async\" src=\"http:\/\/www.anthealein.de\/wp-content\/uploads\/2008\/01\/sand.jpg\" alt=\"sand.jpg\" \/><\/a><\/p>\n<p align=\"center\">Mein LO f\u00fcr die Vera Lim Blog Challenge:<br \/>\n<a target=\"_blank\" href=\"http:\/\/www.digishoptalk.com\/gallery\/showphoto.php?photo=243028&amp;ppuser=8489\"><img decoding=\"async\" src=\"http:\/\/www.anthealein.de\/wp-content\/uploads\/2008\/01\/resolution.jpg\" alt=\"resolution.jpg\" \/><\/a><\/p>\n<p align=\"center\">Und mein LO von heute f\u00fcr die Oscraps Challenge von Paint the Moon:<br \/>\n<a target=\"_blank\" href=\"http:\/\/www.digishoptalk.com\/gallery\/showphoto.php?photo=244409&amp;ppuser=8489\"><img decoding=\"async\" src=\"http:\/\/www.anthealein.de\/wp-content\/uploads\/2008\/01\/oscraps.jpg\" alt=\"oscraps.jpg\" \/><\/a><\/p>\n<p align=\"left\">P.S.: Wenn man \u00f6fter die WordPress-Startseite seines Blogs ansehen w\u00fcrde, h\u00e4tte man diverse Verlinkungen evtl. auch schon fr\u00fcher bemerkt *fl\u00f6t*<\/p>\n","protected":false},"excerpt":{"rendered":"<p>erstaunt es mich, das hier \u00fcberhaupt jemand liest und manchmal noch mehr, wer hier liest.\u00a0 Heute &#8211; \u00e4h sorry, gestern &#8211; hatte ich sogar 3 dieser Aha(???!)-Erlebnisse. Das Erste war meine Schwiema die mich mi\u00dftrauisch fragte (?), ob mein normaler Kontrolltermin beim Neuro anst\u00fcnde oder ob was w\u00e4re (Schwiepa mu\u00dfte kindsitten). Daraufhin folgte unser Trauzeuge [&hellip;]<\/p>\n","protected":false},"author":1,"featured_media":0,"comment_status":"open","ping_status":"open","sticky":false,"template":"","format":"standard","meta":{"footnotes":""},"categories":[3,4],"tags":[],"class_list":["post-526","post","type-post","status-publish","format-standard","hentry","category-alles-mogliche","category-scraps-und-co"],"_links":{"self":[{"href":"http:\/\/www.anthealein.de\/index.php?rest_route=\/wp\/v2\/posts\/526","targetHints":{"allow":["GET"]}}],"collection":[{"href":"http:\/\/www.anthealein.de\/index.php?rest_route=\/wp\/v2\/posts"}],"about":[{"href":"http:\/\/www.anthealein.de\/index.php?rest_route=\/wp\/v2\/types\/post"}],"author":[{"embeddable":true,"href":"http:\/\/www.anthealein.de\/index.php?rest_route=\/wp\/v2\/users\/1"}],"replies":[{"embeddable":true,"href":"http:\/\/www.anthealein.de\/index.php?rest_route=%2Fwp%2Fv2%2Fcomments&post=526"}],"version-history":[{"count":0,"href":"http:\/\/www.anthealein.de\/index.php?rest_route=\/wp\/v2\/posts\/526\/revisions"}],"wp:attachment":[{"href":"http:\/\/www.anthealein.de\/index.php?rest_route=%2Fwp%2Fv2%2Fmedia&parent=526"}],"wp:term":[{"taxonomy":"category","embeddable":true,"href":"http:\/\/www.anthealein.de\/index.php?rest_route=%2Fwp%2Fv2%2Fcategories&post=526"},{"taxonomy":"post_tag","embeddable":true,"href":"http:\/\/www.anthealein.de\/index.php?rest_route=%2Fwp%2Fv2%2Ftags&post=526"}],"curies":[{"name":"wp","href":"https:\/\/api.w.org\/{rel}","templated":true}]}}