{"id":504,"date":"2007-12-11T23:49:14","date_gmt":"2007-12-11T21:49:14","guid":{"rendered":"http:\/\/www.anthealein.de\/?p=504"},"modified":"2007-12-11T23:49:14","modified_gmt":"2007-12-11T21:49:14","slug":"vorweihnachtsstres-windpocken-ua-absonderlichkeiten","status":"publish","type":"post","link":"http:\/\/www.anthealein.de\/?p=504","title":{"rendered":"Vorweihnachtsstre\u00df, Windpocken u.a. Absonderlichkeiten"},"content":{"rendered":"<p>Ich wei\u00df, ich wei\u00df, ich bin ellenlange nicht mehr zum schreiben gekommen, zum scrappen oder fotografieren aber auch nicht und bin nur im Dauerstre\u00df *seufz*&#8230;.<\/p>\n<p>Mal wieder ist es fast Weihnachten und ich hab gerade mal die H\u00e4lfte der Weihnachtsgeschenke und noch dazu so gar keine Lust, in die Stadt zu gehen, weil man dort fast \u00fcber den Haufen gerannt und\/oder zerquetscht wird. Bis jetzt hab ich: Wichtelgeschenk f\u00fcr mein Wichtelkind in der Schnullerfamilie, Christians Geschenk, Siggis Geschenk (und nein Siggi, du bekommst es nicht raus), Janas Geschenke (Etage f\u00fcr&#8217;s Playmo-Haus, Playmo-Kutsche und Playmo-Spielplatz), Wallys Geschenk hab ich im Geiste (ich m\u00fc\u00dfte nur mal lostappern), Nico hat seins zum Teil schon vor Wochen bekommen, als er sich sehnlichst einen neuen MP3-Player w\u00fcnschte. Bleiben noch Valeska, Irene, ein wenig noch f\u00fcr Nico, Anna (Janas Freundin), Line (mein Patenkind) und das f\u00fcr Wally noch zu besorgen :shock_tb: Ich trete in den Vorweihnachtsstreik, glaub ich.<\/p>\n<p>Und um dem Ganzen die Kr\u00f6nung aufzusetzen, hat Chris mich kurzerhand zum Kekse backen f\u00fcr die Kiga-Weihnachtsfeier am Montag verpflichtet (damit ich am Sonntag bei Schwies, wo wir zum essen sind, auch was zu tun hab *lach*), Janas beste Freundin hat offiziell Windpocken gemeldet &#8211; und ja, die Kinder teilen alles und kleben aneinander wie siamesische Zwillinge, den Rest kann man sich dann denken, ich warte nur auf die Pusteln &#8211; und mir graut es beim Gedanken daran, am 22. bis 17 Uhr arbeiten zu m\u00fcssen. Ich werde dann also mal f\u00fcr den Heiligen Abend um 6 Uhr den Wecker stellen, damit ich um 8 Uhr vor Marktkauf stehen kann um noch alles einzukaufen. Wann wir wo den Tannenbaum besorgen sollen ist mir auch noch ein R\u00e4tsel und \u00fcberhaupt und sowieso. Hatte ich erw\u00e4hnt, das wir die Urlaubsplanung falsch gemacht haben und ich deshalb meinen freien Montag opfern mu\u00df, damit ich den Freitag dann erst mittags anfangen kann und ich somit n\u00e4chste Woche auch noch eine 6-Tage-Woche abarbeiten mu\u00df? Sofern Jana bis dahin nicht eh flach liegt und ich mir einen Schein von ihrem Arzt holen\u00a0darf \ud83d\ude41<\/p>\n<p>Aaaaaaaaber, um auch mal was Positives zu berichten: \u00a0Jana erstaunt mich an immer mehr Tagen. Heute z.B. hat sie friedlich nach dem Kiga eine Stunde alleine (!!!!!) gespielt, w\u00e4hrend ich Hausarbeit erledigt hab und hat es dann ertragen, 3 Stunden von mir durch die Gegend geschleppt zu werden (in die Stadt, zur Post, die ersteigerte Videokamera abholen bei nettem Benutzer von uns, einkaufen und wieder zur\u00fcck). Und das ohne Gemecker, ohne Gezicke, ohne alles *staun*&#8230; Solche Tage gibt es hier mittlerweile immer \u00f6fter \ud83d\ude00<\/p>\n<p align=\"center\">Und 2 LOs hab ich die letzen Tage auch gemacht:<\/p>\n<p align=\"center\"><a target=\"_blank\" href=\"http:\/\/www.digishoptalk.com\/gallery\/showphoto.php?photo=226759&amp;ppuser=8489\"><img decoding=\"async\" src=\"http:\/\/www.anthealein.de\/wp-content\/uploads\/2007\/12\/angel2.jpg\" alt=\"angel2.jpg\" \/><\/a><\/p>\n<p align=\"center\"><a target=\"_blank\" href=\"http:\/\/www.digishoptalk.com\/gallery\/showphoto.php?photo=224700&amp;ppuser=8489\"><img decoding=\"async\" src=\"http:\/\/www.anthealein.de\/wp-content\/uploads\/2007\/12\/faces.jpg\" alt=\"faces.jpg\" \/><\/a><\/p>\n","protected":false},"excerpt":{"rendered":"<p>Ich wei\u00df, ich wei\u00df, ich bin ellenlange nicht mehr zum schreiben gekommen, zum scrappen oder fotografieren aber auch nicht und bin nur im Dauerstre\u00df *seufz*&#8230;. Mal wieder ist es fast Weihnachten und ich hab gerade mal die H\u00e4lfte der Weihnachtsgeschenke und noch dazu so gar keine Lust, in die Stadt zu gehen, weil man dort [&hellip;]<\/p>\n","protected":false},"author":1,"featured_media":0,"comment_status":"open","ping_status":"open","sticky":false,"template":"","format":"standard","meta":{"footnotes":""},"categories":[3],"tags":[],"class_list":["post-504","post","type-post","status-publish","format-standard","hentry","category-alles-mogliche"],"_links":{"self":[{"href":"http:\/\/www.anthealein.de\/index.php?rest_route=\/wp\/v2\/posts\/504","targetHints":{"allow":["GET"]}}],"collection":[{"href":"http:\/\/www.anthealein.de\/index.php?rest_route=\/wp\/v2\/posts"}],"about":[{"href":"http:\/\/www.anthealein.de\/index.php?rest_route=\/wp\/v2\/types\/post"}],"author":[{"embeddable":true,"href":"http:\/\/www.anthealein.de\/index.php?rest_route=\/wp\/v2\/users\/1"}],"replies":[{"embeddable":true,"href":"http:\/\/www.anthealein.de\/index.php?rest_route=%2Fwp%2Fv2%2Fcomments&post=504"}],"version-history":[{"count":0,"href":"http:\/\/www.anthealein.de\/index.php?rest_route=\/wp\/v2\/posts\/504\/revisions"}],"wp:attachment":[{"href":"http:\/\/www.anthealein.de\/index.php?rest_route=%2Fwp%2Fv2%2Fmedia&parent=504"}],"wp:term":[{"taxonomy":"category","embeddable":true,"href":"http:\/\/www.anthealein.de\/index.php?rest_route=%2Fwp%2Fv2%2Fcategories&post=504"},{"taxonomy":"post_tag","embeddable":true,"href":"http:\/\/www.anthealein.de\/index.php?rest_route=%2Fwp%2Fv2%2Ftags&post=504"}],"curies":[{"name":"wp","href":"https:\/\/api.w.org\/{rel}","templated":true}]}}