{"id":459,"date":"2007-10-20T23:23:01","date_gmt":"2007-10-20T21:23:01","guid":{"rendered":"http:\/\/www.anthealein.de\/?p=459"},"modified":"2007-10-20T23:23:01","modified_gmt":"2007-10-20T21:23:01","slug":"vollmond","status":"publish","type":"post","link":"http:\/\/www.anthealein.de\/?p=459","title":{"rendered":"Vollmond?"},"content":{"rendered":"<p>Ist bald wieder Vollmond, oder so? S\u00e4mtliche Kinder unter 5 Jahren heute bei uns auf der Arbeit waren megan\u00f6rgelig. Vom normalerweise superfriedlichen dauerl\u00e4chelnden 1-j\u00e4hrigen bis hin zu dem normal ein wenig wuseligen, aber liebem 5-j\u00e4hrigen. Heute hatte alle Kinder diesen \u00c4\u00e4\u00e4\u00e4\u00e4\u00e4\u00e4\u00e4\u00e4h-ich-will-aber-Tonfall drauf, bei dem sich mir die Nackenhaare str\u00e4uben. Von meiner Laune mal ganz zu schweigen *g*, Chris wird es best\u00e4tigen k\u00f6nnen.<\/p>\n<p>Und trotzdem hat heute ein knapp 2-j\u00e4hriges, goldgelocktes, zuckers\u00fc\u00dfes M\u00e4del ein L\u00e4cheln auf mein Gesicht gezaubert, als sie nicht diesen nervigen Tonfall anschlug, sondern es auf die andere Weise probierte: &#8222;Papaaaaaaaaaahaaaaaaaa? Bitte, bitte, b\u00fc\u00fc\u00fc\u00fcddeeeee dahaaaaaa lang?&#8220; Papa wollte nicht, war aber ein wenig vertieft in unsere Flohmarktkiste und nach dem 2. Versuch machte St\u00f6psel sich einfach auf den Weg *lach* Erinnerte mich gaaaaaaaanz stark an jemanden und damit mein ich nicht Jana *h\u00fcstel*<\/p>\n<p align=\"center\">SUAS-LO ist up and running, heute hab ich dann endlich das LO beendet, das ich vor 3 Tagen angefangen hab:<br \/>\n<img decoding=\"async\" src=\"http:\/\/www.anthealein.de\/wp-content\/uploads\/2007\/10\/playground.jpg\" alt=\"playground.jpg\" \/><br \/>\nCredits: <a target=\"_blank\" href=\"http:\/\/www.digishoptalk.com\/gallery\/showphoto.php?photo=198884&amp;ppuser=8489\">hier<\/a><\/p>\n","protected":false},"excerpt":{"rendered":"<p>Ist bald wieder Vollmond, oder so? S\u00e4mtliche Kinder unter 5 Jahren heute bei uns auf der Arbeit waren megan\u00f6rgelig. Vom normalerweise superfriedlichen dauerl\u00e4chelnden 1-j\u00e4hrigen bis hin zu dem normal ein wenig wuseligen, aber liebem 5-j\u00e4hrigen. Heute hatte alle Kinder diesen \u00c4\u00e4\u00e4\u00e4\u00e4\u00e4\u00e4\u00e4\u00e4h-ich-will-aber-Tonfall drauf, bei dem sich mir die Nackenhaare str\u00e4uben. Von meiner Laune mal ganz zu [&hellip;]<\/p>\n","protected":false},"author":1,"featured_media":0,"comment_status":"open","ping_status":"open","sticky":false,"template":"","format":"standard","meta":{"footnotes":""},"categories":[4],"tags":[],"class_list":["post-459","post","type-post","status-publish","format-standard","hentry","category-scraps-und-co"],"_links":{"self":[{"href":"http:\/\/www.anthealein.de\/index.php?rest_route=\/wp\/v2\/posts\/459","targetHints":{"allow":["GET"]}}],"collection":[{"href":"http:\/\/www.anthealein.de\/index.php?rest_route=\/wp\/v2\/posts"}],"about":[{"href":"http:\/\/www.anthealein.de\/index.php?rest_route=\/wp\/v2\/types\/post"}],"author":[{"embeddable":true,"href":"http:\/\/www.anthealein.de\/index.php?rest_route=\/wp\/v2\/users\/1"}],"replies":[{"embeddable":true,"href":"http:\/\/www.anthealein.de\/index.php?rest_route=%2Fwp%2Fv2%2Fcomments&post=459"}],"version-history":[{"count":0,"href":"http:\/\/www.anthealein.de\/index.php?rest_route=\/wp\/v2\/posts\/459\/revisions"}],"wp:attachment":[{"href":"http:\/\/www.anthealein.de\/index.php?rest_route=%2Fwp%2Fv2%2Fmedia&parent=459"}],"wp:term":[{"taxonomy":"category","embeddable":true,"href":"http:\/\/www.anthealein.de\/index.php?rest_route=%2Fwp%2Fv2%2Fcategories&post=459"},{"taxonomy":"post_tag","embeddable":true,"href":"http:\/\/www.anthealein.de\/index.php?rest_route=%2Fwp%2Fv2%2Ftags&post=459"}],"curies":[{"name":"wp","href":"https:\/\/api.w.org\/{rel}","templated":true}]}}