{"id":450,"date":"2007-10-15T22:13:44","date_gmt":"2007-10-15T20:13:44","guid":{"rendered":"http:\/\/www.anthealein.de\/?p=450"},"modified":"2007-10-15T22:13:44","modified_gmt":"2007-10-15T20:13:44","slug":"die-mit-dem-buch-wandert","status":"publish","type":"post","link":"http:\/\/www.anthealein.de\/?p=450","title":{"rendered":"&#8222;Die-mit-dem-Buch-wandert&#8220;&#8230;"},"content":{"rendered":"<p align=\"left\">&#8230; ist mein Benutzertitel (der will verdient werden) in der Schnullerfamilie. Wer mich kennt wei\u00df, das ich grunds\u00e4tzlich alleine zu Fu\u00df nur mit Buch vor der Nase anzutreffen bin. Und das schon seit dem Kindergarten (Pausen in der Schule reichten auch min. f\u00fcr 30-40 Seiten). Seit Jana&#8217;s Geburt das noch ein wenig versch\u00e4rft, weil ich nur zu Fu\u00df genug Zeit zum lesen habe. Und so sprechen mich oft mal Leute an, ob ich noch nirgendwo gegen gelaufen bin (nein, nur ohne Buch) und ein wenig f\u00fcr bescheuert erkl\u00e4rt mich so mancher *lach* Besonders beliebt sind bei mir auch die Leute, denen ich lesend ausweiche, damit sie dann hinter meinem R\u00fccken &#8222;buh&#8220; br\u00fcllen k\u00f6nnen *seufz*&#8230; Und wie es halt so ist, fand ein Zeitungsphotograph den Anblick wohl auch lustig und hat mich zum &#8222;Schnappschuss der Woche&#8220; in dieser Ausgabe unserer Sonntagszeitung gemacht&#8230;<\/p>\n<p style=\"text-align: center\"><img decoding=\"async\" src=\"http:\/\/www.anthealein.de\/wp-content\/uploads\/2007\/10\/schnappschuss.jpg\" alt=\"schnappschuss.jpg\" \/><\/p>\n<p style=\"text-align: center\">Gescrappt hab ich gestern auch, diesmal war Chris das Opfer:<br \/>\n<img decoding=\"async\" src=\"http:\/\/www.anthealein.de\/wp-content\/uploads\/2007\/10\/chris3.jpg\" alt=\"chris3.jpg\" \/><br \/>\nCredits: <a target=\"_blank\" href=\"http:\/\/www.digishoptalk.com\/gallery\/showphoto.php?photo=195501&amp;ppuser=8489\">hier<\/a><\/p>\n","protected":false},"excerpt":{"rendered":"<p>&#8230; ist mein Benutzertitel (der will verdient werden) in der Schnullerfamilie. Wer mich kennt wei\u00df, das ich grunds\u00e4tzlich alleine zu Fu\u00df nur mit Buch vor der Nase anzutreffen bin. Und das schon seit dem Kindergarten (Pausen in der Schule reichten auch min. f\u00fcr 30-40 Seiten). Seit Jana&#8217;s Geburt das noch ein wenig versch\u00e4rft, weil ich [&hellip;]<\/p>\n","protected":false},"author":1,"featured_media":0,"comment_status":"open","ping_status":"open","sticky":false,"template":"","format":"standard","meta":{"footnotes":""},"categories":[4],"tags":[],"class_list":["post-450","post","type-post","status-publish","format-standard","hentry","category-scraps-und-co"],"_links":{"self":[{"href":"http:\/\/www.anthealein.de\/index.php?rest_route=\/wp\/v2\/posts\/450","targetHints":{"allow":["GET"]}}],"collection":[{"href":"http:\/\/www.anthealein.de\/index.php?rest_route=\/wp\/v2\/posts"}],"about":[{"href":"http:\/\/www.anthealein.de\/index.php?rest_route=\/wp\/v2\/types\/post"}],"author":[{"embeddable":true,"href":"http:\/\/www.anthealein.de\/index.php?rest_route=\/wp\/v2\/users\/1"}],"replies":[{"embeddable":true,"href":"http:\/\/www.anthealein.de\/index.php?rest_route=%2Fwp%2Fv2%2Fcomments&post=450"}],"version-history":[{"count":0,"href":"http:\/\/www.anthealein.de\/index.php?rest_route=\/wp\/v2\/posts\/450\/revisions"}],"wp:attachment":[{"href":"http:\/\/www.anthealein.de\/index.php?rest_route=%2Fwp%2Fv2%2Fmedia&parent=450"}],"wp:term":[{"taxonomy":"category","embeddable":true,"href":"http:\/\/www.anthealein.de\/index.php?rest_route=%2Fwp%2Fv2%2Fcategories&post=450"},{"taxonomy":"post_tag","embeddable":true,"href":"http:\/\/www.anthealein.de\/index.php?rest_route=%2Fwp%2Fv2%2Ftags&post=450"}],"curies":[{"name":"wp","href":"https:\/\/api.w.org\/{rel}","templated":true}]}}