{"id":429,"date":"2007-09-18T22:24:41","date_gmt":"2007-09-18T20:24:41","guid":{"rendered":"http:\/\/www.anthealein.de\/?p=429"},"modified":"2007-09-18T22:25:37","modified_gmt":"2007-09-18T20:25:37","slug":"nachdenklich","status":"publish","type":"post","link":"http:\/\/www.anthealein.de\/?p=429","title":{"rendered":"Nachdenklich&#8230;"},"content":{"rendered":"<p>In 17 Tagen und ein paar zerquetschten Stunden ist es 3 Jahre her, das der Anruf kam, der so einiges und doch so gar nichts in meinem Leben ver\u00e4ndern sollte und seit ein paar Tagen denke ich \u00f6fter mal daran.<\/p>\n<p>Da ich meine Verwandschaft schon alarmiert aufschauen sehe: das haben Jahrestage nun mal so an sich und evtl. liegt es ja auch daran, das meine Kollegen in den letzten Wochen bef\u00fcrchtet haben, das es wieder los geht. Aber: mir geht es gut (jedenfalls was meine &#8222;tausend Gesichter&#8220; angeht  :wink_ee: ).\u00a0Dennoch: ich habe vorhin einen Artikel gefunden, den ich geschrieben haben k\u00f6nnte (so ich denn so gut schreiben k\u00f6nnte) bis auf ein paar Kleinigkeiten. F\u00fcr alle englisch Verstehenden <a target=\"_blank\" href=\"http:\/\/www.timesonline.co.uk\/tol\/life_and_style\/health\/features\/article575478.ece\">hier<\/a> der Link&#8230;<\/p>\n","protected":false},"excerpt":{"rendered":"<p>In 17 Tagen und ein paar zerquetschten Stunden ist es 3 Jahre her, das der Anruf kam, der so einiges und doch so gar nichts in meinem Leben ver\u00e4ndern sollte und seit ein paar Tagen denke ich \u00f6fter mal daran. Da ich meine Verwandschaft schon alarmiert aufschauen sehe: das haben Jahrestage nun mal so an [&hellip;]<\/p>\n","protected":false},"author":1,"featured_media":0,"comment_status":"open","ping_status":"open","sticky":false,"template":"","format":"standard","meta":{"footnotes":""},"categories":[3],"tags":[],"class_list":["post-429","post","type-post","status-publish","format-standard","hentry","category-alles-mogliche"],"_links":{"self":[{"href":"http:\/\/www.anthealein.de\/index.php?rest_route=\/wp\/v2\/posts\/429","targetHints":{"allow":["GET"]}}],"collection":[{"href":"http:\/\/www.anthealein.de\/index.php?rest_route=\/wp\/v2\/posts"}],"about":[{"href":"http:\/\/www.anthealein.de\/index.php?rest_route=\/wp\/v2\/types\/post"}],"author":[{"embeddable":true,"href":"http:\/\/www.anthealein.de\/index.php?rest_route=\/wp\/v2\/users\/1"}],"replies":[{"embeddable":true,"href":"http:\/\/www.anthealein.de\/index.php?rest_route=%2Fwp%2Fv2%2Fcomments&post=429"}],"version-history":[{"count":0,"href":"http:\/\/www.anthealein.de\/index.php?rest_route=\/wp\/v2\/posts\/429\/revisions"}],"wp:attachment":[{"href":"http:\/\/www.anthealein.de\/index.php?rest_route=%2Fwp%2Fv2%2Fmedia&parent=429"}],"wp:term":[{"taxonomy":"category","embeddable":true,"href":"http:\/\/www.anthealein.de\/index.php?rest_route=%2Fwp%2Fv2%2Fcategories&post=429"},{"taxonomy":"post_tag","embeddable":true,"href":"http:\/\/www.anthealein.de\/index.php?rest_route=%2Fwp%2Fv2%2Ftags&post=429"}],"curies":[{"name":"wp","href":"https:\/\/api.w.org\/{rel}","templated":true}]}}